{"id":1087,"date":"2023-03-09T11:08:44","date_gmt":"2023-03-09T10:08:44","guid":{"rendered":"https:\/\/www.plakat-raum-gesellschaft.ch\/?p=1087"},"modified":"2026-04-27T23:14:41","modified_gmt":"2026-04-27T22:14:41","slug":"genf-stimmt-am-12-maerz-ueber-kommerzielle-aussenwerbung-ab","status":"publish","type":"post","link":"https:\/\/www.plakat-raum-gesellschaft.ch\/index.php\/2023\/03\/09\/genf-stimmt-am-12-maerz-ueber-kommerzielle-aussenwerbung-ab\/","title":{"rendered":"Genf stimmt am 12. M\u00e4rz \u00fcber kommerzielle Aussenwerbung ab"},"content":{"rendered":"\n<p><strong>Nach einem zerm\u00fcrbenden Kampf gegen die Werbelobby und ihre hartn\u00e4ckige Ideologie, darf die Genfer Stimmbev\u00f6lkerung am 12. M\u00e4rz 2023 endlich dar\u00fcber abstimmen, ob kommerzielle Aussenwerbung durch Werbung f\u00fcr kulturelle, politische und gemeinnn\u00fctzige Zwecke ersetzt werden soll. Dass sich der demokratische Souver\u00e4n dazu \u00e4ussern darf, ist einmalig. <\/strong><\/p>\n\n\n\n<!--more-->\n\n\n\n<p>Die Firmen der Aussenwerbung bem\u00fchen gerne die Gerichte und Beh\u00f6rden, wenn Parlamente oder Verwaltungen ihre Interessen nicht st\u00fctzen. So auch 2017, als wegen eines Konzessionsstreit die Genfer Plakatfl\u00e4chen drei Wochen lang frei blieben. Die weissen Fl\u00e4chen wurden bemalt und bekritzelt, und der Bev\u00f6lkerung wurde ein einmaliger Einblick in ein Stadtbild geschenkt, das nicht von den Konsumaufforderungen der Aussenwerbung verstellt wird. <\/p>\n\n\n\n<p>Die Idee einer permanent von kommerzieller Aussenwerbung befreiten Stadt war geboren. Nach zahlreichen Einsprachen und Klagen hat das <a rel=\"noreferrer noopener\" href=\"https:\/\/www.bger.ch\/ext\/eurospider\/live\/fr\/php\/aza\/http\/index.php?lang=fr&amp;type=show_document&amp;highlight_docid=aza:\/\/25-03-2021-1C_427-2020\" target=\"_blank\">Bundesgericht im M\u00e4rz 2021 entschieden<\/a>, dass dies kein unzul\u00e4ssiger Eingriff in die Wirtschaftsfreiheit ist, dass Privatgrund, der vom \u00f6ffentlichen Grund aus einsehbar ist, reguliert werden kann, und dass dies auf Gemeindeebene geschehen darf. <a rel=\"noreferrer noopener\" href=\"https:\/\/www.woz.ch\/2310\/werbeverbot\/wem-gehoert-das-stadtbild\/!5JCTPT079TAJ\" target=\"_blank\">Raphael Albisser hat in der Wochenzeitung WOZ<\/a> mit drei unserer Verb\u00fcndeten gesprochen und zeichnet ihre Motivation und die aktuelle Situation in der Romandie nach.<\/p>\n\n\n\n<p>Niemand mag eine Einsch\u00e4tzung abgeben, ob die Initiative <a rel=\"noreferrer noopener\" href=\"https:\/\/ouizeropub.ch\" target=\"_blank\">Gen\u00e8ve Z\u00e9ro Pub<\/a> eine Chance hat gegen die lebenslange Indoktrinierung durch die Werbeindustrie. Eine von Aussenwerbung Schweiz AWS in Auftrag gegebene Umfrage Anfang 2022 hat ergeben, dass <a rel=\"noreferrer noopener\" href=\"https:\/\/www.aussenwerbung-schweiz.ch\/fileadmin\/user_upload\/AWS_LINK_Omnibus_Werbeakzeptanz_und_-relevanz_2022_DE.pdf\" target=\"_blank\">45% der Menschen in der Westschweiz ein Verbot von Plakatwerbung bef\u00fcrworten<\/a> (mit 6% unentschieden). Doch seither kann viel passiert sein, abgesehen davon, dass die Initiative Plakatwerbung nicht per se verbieten will, wie es die Gegnerinnen und Gegner darstellen.<\/p>\n\n\n\n<p>Wie die <a href=\"https:\/\/www.plakat-raum-gesellschaft.ch\/index.php\/2023\/02\/24\/86-gwh-zahlen-und-fakten-zur-aussenwerbung-in-zurich\/\" data-type=\"post\" data-id=\"1006\">IG PRG gezeigt hat<\/a> (und zeigen wird: stay tuned!), haben diejenigen, die uns t\u00e4glich sagen, was wir konsumieren sollen, immer wieder Fakten erfunden oder masslos \u2013 also um das F\u00fcnffache, Zehnfache oder noch mehr \u2013 \u00fcbertrieben. Es ist deshalb bezeichnend, dass das Nein-Komitee mit einer orwellschen Verkehrung der Tatsachen f\u00fcr ihre Parole wirbt: \u00abVous dire ce que vous devez consommer? Non \u00e0 l\u2019initiative <strong>\u2039<\/strong>Z\u00e9ro pub<strong>\u203a<\/strong>\u00bb.<\/p>\n\n\n\n<p>Liebe Freundinnen und Freunde in Genf, wir bewundern eure Arbeit und euren Durchhaltewillen und dr\u00fccken die Daumen, dass ihr ein starkes Signal f\u00fcr die ganze Schweiz setzt!<\/p>\n","protected":false},"excerpt":{"rendered":"<p>Nach einem zerm\u00fcrbenden Kampf gegen die Werbelobby und ihre hartn\u00e4ckige Ideologie, darf die Genfer Stimmbev\u00f6lkerung am 12. M\u00e4rz 2023 endlich dar\u00fcber abstimmen, ob kommerzielle Aussenwerbung durch Werbung f\u00fcr kulturelle, politische und gemeinnn\u00fctzige Zwecke ersetzt werden soll. Dass sich der demokratische Souver\u00e4n dazu \u00e4ussern darf, ist einmalig.<\/p>\n","protected":false},"author":1,"featured_media":0,"comment_status":"closed","ping_status":"open","sticky":false,"template":"","format":"standard","meta":{"footnotes":""},"categories":[1],"tags":[],"class_list":["post-1087","post","type-post","status-publish","format-standard","hentry","category-uncategorized"],"_links":{"self":[{"href":"https:\/\/www.plakat-raum-gesellschaft.ch\/index.php\/wp-json\/wp\/v2\/posts\/1087","targetHints":{"allow":["GET"]}}],"collection":[{"href":"https:\/\/www.plakat-raum-gesellschaft.ch\/index.php\/wp-json\/wp\/v2\/posts"}],"about":[{"href":"https:\/\/www.plakat-raum-gesellschaft.ch\/index.php\/wp-json\/wp\/v2\/types\/post"}],"author":[{"embeddable":true,"href":"https:\/\/www.plakat-raum-gesellschaft.ch\/index.php\/wp-json\/wp\/v2\/users\/1"}],"replies":[{"embeddable":true,"href":"https:\/\/www.plakat-raum-gesellschaft.ch\/index.php\/wp-json\/wp\/v2\/comments?post=1087"}],"version-history":[{"count":2,"href":"https:\/\/www.plakat-raum-gesellschaft.ch\/index.php\/wp-json\/wp\/v2\/posts\/1087\/revisions"}],"predecessor-version":[{"id":1551,"href":"https:\/\/www.plakat-raum-gesellschaft.ch\/index.php\/wp-json\/wp\/v2\/posts\/1087\/revisions\/1551"}],"wp:attachment":[{"href":"https:\/\/www.plakat-raum-gesellschaft.ch\/index.php\/wp-json\/wp\/v2\/media?parent=1087"}],"wp:term":[{"taxonomy":"category","embeddable":true,"href":"https:\/\/www.plakat-raum-gesellschaft.ch\/index.php\/wp-json\/wp\/v2\/categories?post=1087"},{"taxonomy":"post_tag","embeddable":true,"href":"https:\/\/www.plakat-raum-gesellschaft.ch\/index.php\/wp-json\/wp\/v2\/tags?post=1087"}],"curies":[{"name":"wp","href":"https:\/\/api.w.org\/{rel}","templated":true}]}}