{"id":1097,"date":"2023-03-23T14:03:53","date_gmt":"2023-03-23T13:03:53","guid":{"rendered":"https:\/\/www.plakat-raum-gesellschaft.ch\/?p=1097"},"modified":"2026-04-27T23:14:22","modified_gmt":"2026-04-27T22:14:22","slug":"gemeinderat-ueberweist-postulat-stadtrat-bewilligt-weiterhin-bildschirme-genf-wird-nicht-von-kommerzwerbung-befreit","status":"publish","type":"post","link":"https:\/\/www.plakat-raum-gesellschaft.ch\/index.php\/2023\/03\/23\/gemeinderat-ueberweist-postulat-stadtrat-bewilligt-weiterhin-bildschirme-genf-wird-nicht-von-kommerzwerbung-befreit\/","title":{"rendered":"Gemeinderat \u00fcberweist Postulat, Stadtrat bewilligt weiterhin Bildschirme, Genf wird nicht von Kommerzwerbung befreit"},"content":{"rendered":"\n<p>Viel ist seit Anfang M\u00e4rz geschehen. Ein Update.<\/p>\n\n\n\n<!--more-->\n\n\n\n<p>Die Genfer Stimmbev\u00f6lkerung hat am 12. M\u00e4rz knapp entschieden, dass sie kommerzielle Aussenwerbung nicht aus dem Stadtbild verbannen will. Das Bemerkenswerte: <strong>Trotz jahrzehntelanger Propaganda der Werbeindustrie haben \u00fcber 48% der Bev\u00f6lkerung genug von kommerzieller Werbung<\/strong> und wollen sogar darauf verzichten, wenn es weniger Einnahmen f\u00fcr die Stadtkasse gibt. Menschen mit niedrigem Einkommen haben eher f\u00fcr <a rel=\"noreferrer noopener\" href=\"https:\/\/ouizeropub.ch\" data-type=\"URL\" data-id=\"https:\/\/ouizeropub.ch\" target=\"_blank\">Z\u00e9ro pub<\/a> gestimmt, Menschen mit h\u00f6herem eher dagegen. Wahrscheinlich wussten sie, dass am Ende immer die Konsumentinnen und Konsumenten die Werbung bezahlen, und das f\u00e4llt bei niedrigeren Einkommen mehr ins Gewicht.<\/p>\n\n\n\n<p>Die Entt\u00e4uschung bei den Initiantinnen und Initianten und bei der IG PRG ist gross. <strong>Einmal mehr haben die grossen nationalen und internationalen Konzerne gewonnen.<\/strong> Einmal mehr hat die Privatisierung des Gemeinguts gewonnen. Einmal mehr verlieren die B\u00fcrgerinnen, Konsumenten und KMUs. Was bleibt, ist ein wegweisender <strong>Bundesgerichtsentscheid<\/strong>, der unmissverst\u00e4ndlich festh\u00e4lt, dass die Beschr\u00e4nkung von Aussenwerbung sowohl auf \u00f6ffentlichem Grund als auch auf Privatgrund, der vom \u00f6ffentlichen Grund aus einsehbar ist, <strong>kein unzul\u00e4ssiger Eingriff in die Wirtschaftsfreiheit<\/strong> ist.<\/p>\n\n\n\n<p>Am 7. September 2022 hat der Z\u00fcrcher Gemeinderat das <a rel=\"noreferrer noopener\" href=\"https:\/\/www.gemeinderat-zuerich.ch\/Geschaefte\/detailansicht-geschaeft\/Dokument\/fd0806ef-76f0-4d2c-852b-76254ffa12bc\/2022_0317.pdf\" target=\"_blank\">Postulat 2022\/317<\/a> \u00fcberwiesen. Dieses fordert vom Stadtrat, dass <strong>keine neuen digitalen Werbescreens<\/strong> oder Leuchtdrehs\u00e4ulen mehr entstehen. Dessen ungeachtet hat das Amt f\u00fcr Baubewilligungen zwischen dem 5. September 2022 und dem 22. M\u00e4rz 2023 <strong>weitere 21 Bildschirme bewilligt.<\/strong> Besonders perfide: F\u00fcnf Bildschirme wurden am 6. Dezember 2022 bewilligt, also am Tag bevor das <a rel=\"noreferrer noopener\" href=\"https:\/\/www.gemeinderat-zuerich.ch\/Geschaefte\/detailansicht-geschaeft\/Dokument\/fcda1d73-1b03-4ad6-a984-338a5761af85\/2022_0352.pdf\" target=\"_blank\">Postulat 2022\/352<\/a>, das den Abbau der bestehenden Bildschirme forderte, erstmals traktandiert war.<\/p>\n\n\n\n<p>Nach zweimaligem Verschieben wurde <strong>das Postulat 2022\/3052 am 22. M\u00e4rz 2023 vom Z\u00fcrcher Gemeinderat angenommen!<\/strong> Der Stadtrat ist \u2013 gegen seinen Willen \u2013 aufgefordert darzulegen, wie die bestehenden Werbescreens und Leuchtdrehs\u00e4ulen wieder abgebaut werden k\u00f6nnen. Ein grosses Dankesch\u00f6n an die Initiantinnen und Initianten des Postulats!<\/p>\n\n\n\n<p>Zum Postulat 2022\/352 hat die IG PRG eine <a rel=\"noreferrer noopener\" href=\"https:\/\/www.plakat-raum-gesellschaft.ch\/wp-content\/uploads\/2023\/03\/8.6-GWh-Zahlen-und-Fakten-zur-Aussenwerbung.pdf\" target=\"_blank\">Informationsbrosch\u00fcre<\/a> herausgegeben und auf ausgew\u00e4hlten VBZ-Screens eine Kampagne geschaltet. Diese Informationsbrosch\u00fcre ist das beste verf\u00fcgbare Zahlenmaterial, auch wenn Stadtrat Odermatt und die B\u00fcrgerlichen im Gemeinderat dies in Abrede stellen \u2013 freilich ohne besseres Zahlenmaterial zu produzieren. Gerade der Stadtrat h\u00e4tte es in der Hand, doch seit Jahren weigert er sich, Transparenz zu schaffen. <\/p>\n\n\n\n<p>Lieber <a rel=\"noreferrer noopener\" href=\"https:\/\/www.plakat-raum-gesellschaft.ch\/index.php\/2023\/03\/01\/postulat-zum-abbau-von-werbescreens-ig-prg-lanciert-kampagne-und-stadtrat-verbietet-titelseite-von-broschuere\/\" target=\"_blank\">droht er mit rechtlichen Schritten<\/a>, weil die IG PRG auf dem Cover der Informationsbrosch\u00fcre seine \u2013 zugegebenermassen eher doofe \u2013 Stromsparkampagne persifliert hat (wir haben das Titelbild inzwischen ge\u00e4ndert). Was wenig bekannt ist: Die Kampagne wurde in der Bev\u00f6lkerung kaum wahrgenommen. Der Stadtrat hat daf\u00fcr <a rel=\"noreferrer noopener\" href=\"https:\/\/www.stadt-zuerich.ch\/portal\/de\/index\/politik_u_recht\/stadtrat\/geschaefte-des-stadtrates\/stadtratsbeschluesse\/2022\/Nov\/stzh-strb-2022-1122.html\" target=\"_blank\">CHF 250 000 ohne \u00f6ffentliche Ausschreibung<\/a> ausgegeben. Davon gingen allein <strong>CHF 130 000 an die internationalen Konzerne APG|SGA und Clear Channel, um die Plakate im lokalen \u00f6ffentlichen Raum aufzuh\u00e4ngen<\/strong>.<\/p>\n\n\n\n<p>Die wichtigsten Erkenntnisse der <a href=\"https:\/\/www.plakat-raum-gesellschaft.ch\/index.php\/2023\/03\/01\/postulat-zum-abbau-von-werbescreens-ig-prg-lanciert-kampagne-und-stadtrat-verbietet-titelseite-von-broschuere\/\">Werbekampagne, die die IG PRG auf Bildschirmen rund ums Ratshaus Hard<\/a> geschaltet hat: <strong>Werbescreens sind nach wie vor auf grosse regionale und \u00fcberregionale Kampagnen mit Buchungsfenstern von mindestens einer Woche ausgelegt.<\/strong> Und: <strong>Die von der Industrie ausgewiesenen Bruttoreichweiten <\/strong>(also: wie viele Menschen eine Werbung potenziell sehen)<strong> sind Fantasiezahlen. <\/strong><\/p>\n\n\n\n<p>Doch dazu sp\u00e4ter mehr. Erstmals wird der Erfolg im Kampf f\u00fcr eine sch\u00f6ne und farbige Stadt ohne die lebensfeindliche Monokultur der nationalen und internationalen Konzerne gefeiert!<\/p>\n","protected":false},"excerpt":{"rendered":"<p>Viel ist seit Anfang M\u00e4rz geschehen. Ein Update.<\/p>\n","protected":false},"author":1,"featured_media":1100,"comment_status":"closed","ping_status":"open","sticky":false,"template":"","format":"standard","meta":{"footnotes":""},"categories":[14,5,15,6,9,17,16,7,10],"tags":[],"class_list":["post-1097","post","type-post","status-publish","format-standard","has-post-thumbnail","hentry","category-apg","category-aussenwerbung","category-clear-channel","category-leuchtdrehsaulen","category-neues-von-der-ig","category-ov","category-vbz","category-werbebildschirme","category-zurich"],"_links":{"self":[{"href":"https:\/\/www.plakat-raum-gesellschaft.ch\/index.php\/wp-json\/wp\/v2\/posts\/1097","targetHints":{"allow":["GET"]}}],"collection":[{"href":"https:\/\/www.plakat-raum-gesellschaft.ch\/index.php\/wp-json\/wp\/v2\/posts"}],"about":[{"href":"https:\/\/www.plakat-raum-gesellschaft.ch\/index.php\/wp-json\/wp\/v2\/types\/post"}],"author":[{"embeddable":true,"href":"https:\/\/www.plakat-raum-gesellschaft.ch\/index.php\/wp-json\/wp\/v2\/users\/1"}],"replies":[{"embeddable":true,"href":"https:\/\/www.plakat-raum-gesellschaft.ch\/index.php\/wp-json\/wp\/v2\/comments?post=1097"}],"version-history":[{"count":7,"href":"https:\/\/www.plakat-raum-gesellschaft.ch\/index.php\/wp-json\/wp\/v2\/posts\/1097\/revisions"}],"predecessor-version":[{"id":1550,"href":"https:\/\/www.plakat-raum-gesellschaft.ch\/index.php\/wp-json\/wp\/v2\/posts\/1097\/revisions\/1550"}],"wp:featuredmedia":[{"embeddable":true,"href":"https:\/\/www.plakat-raum-gesellschaft.ch\/index.php\/wp-json\/wp\/v2\/media\/1100"}],"wp:attachment":[{"href":"https:\/\/www.plakat-raum-gesellschaft.ch\/index.php\/wp-json\/wp\/v2\/media?parent=1097"}],"wp:term":[{"taxonomy":"category","embeddable":true,"href":"https:\/\/www.plakat-raum-gesellschaft.ch\/index.php\/wp-json\/wp\/v2\/categories?post=1097"},{"taxonomy":"post_tag","embeddable":true,"href":"https:\/\/www.plakat-raum-gesellschaft.ch\/index.php\/wp-json\/wp\/v2\/tags?post=1097"}],"curies":[{"name":"wp","href":"https:\/\/api.w.org\/{rel}","templated":true}]}}