{"id":1111,"date":"2023-10-06T11:43:00","date_gmt":"2023-10-06T10:43:00","guid":{"rendered":"https:\/\/www.plakat-raum-gesellschaft.ch\/?p=1111"},"modified":"2026-04-27T23:13:59","modified_gmt":"2026-04-27T22:13:59","slug":"international-vernetzt-organisationen-aus-vier-laendern-kritisieren-werbung","status":"publish","type":"post","link":"https:\/\/www.plakat-raum-gesellschaft.ch\/index.php\/2023\/10\/06\/international-vernetzt-organisationen-aus-vier-laendern-kritisieren-werbung\/","title":{"rendered":"International vernetzt: Organisationen aus vier L\u00e4ndern kritisieren Werbung"},"content":{"rendered":"\n<p>Werbekritische Organisationen aus der Schweiz, Deutschland, Frankreich und Grossbritannien weisen in einem <a href=\"https:\/\/lecourrier.ch\/2023\/10\/06\/resister-a-la-publicite-commerciale-nocive\/\">Agora-Beitrag in <em>Le Courrier<\/em><\/a> auf die Verantwortung der Werbebranche f\u00fcr die Klimakrise hin und heben Initiativen in verschiedenen europ\u00e4ischen St\u00e4dten hervor.<\/p>\n\n\n\n<!--more-->\n\n\n\n<p>Dieser Beitrag ist der Auftakt zu einem offenen Brief, den zahlreiche Parlamentarier:innen unterzeichnen werden und der voraussichtlich Ende November publiziert wird. Zudem ist es der Auftakt eine neuen \u00c4ra der Vernetzung von werbekritischen Organisationen, sowohl \u00fcber L\u00e4nder- wie Sprachgrenzen hinweg.<\/p>\n\n\n\n<p>Mitunterzeichnet haben Gen\u00e8ve Z\u00e9ro Pub, Hamburg Werbefrei, IG Plakat | Raum | Gesellschaft (Z\u00fcrich), Sortir de la Pub (Waadt), R\u00e9sistance \u00e0 l\u2019agression publicitaire (Frankreich), das Netzwerk Badvertising, letzteres mit Adfree Cities (Bristol), New Weather Institute (Brighton) und Possible (London).<\/p>\n\n\n\n<p><\/p>\n","protected":false},"excerpt":{"rendered":"<p>Werbekritische Organisationen aus der Schweiz, Deutschland, Frankreich und Grossbritannien weisen in einem Agora-Beitrag in Le Courrier auf die Verantwortung der Werbebranche f\u00fcr die Klimakrise hin und heben Initiativen in verschiedenen europ\u00e4ischen St\u00e4dten hervor.<\/p>\n","protected":false},"author":1,"featured_media":0,"comment_status":"closed","ping_status":"open","sticky":false,"template":"","format":"standard","meta":{"footnotes":""},"categories":[5,13,12,3],"tags":[],"class_list":["post-1111","post","type-post","status-publish","format-standard","hentry","category-aussenwerbung","category-schweiz","category-werbefrei","category-werbung"],"_links":{"self":[{"href":"https:\/\/www.plakat-raum-gesellschaft.ch\/index.php\/wp-json\/wp\/v2\/posts\/1111","targetHints":{"allow":["GET"]}}],"collection":[{"href":"https:\/\/www.plakat-raum-gesellschaft.ch\/index.php\/wp-json\/wp\/v2\/posts"}],"about":[{"href":"https:\/\/www.plakat-raum-gesellschaft.ch\/index.php\/wp-json\/wp\/v2\/types\/post"}],"author":[{"embeddable":true,"href":"https:\/\/www.plakat-raum-gesellschaft.ch\/index.php\/wp-json\/wp\/v2\/users\/1"}],"replies":[{"embeddable":true,"href":"https:\/\/www.plakat-raum-gesellschaft.ch\/index.php\/wp-json\/wp\/v2\/comments?post=1111"}],"version-history":[{"count":4,"href":"https:\/\/www.plakat-raum-gesellschaft.ch\/index.php\/wp-json\/wp\/v2\/posts\/1111\/revisions"}],"predecessor-version":[{"id":1549,"href":"https:\/\/www.plakat-raum-gesellschaft.ch\/index.php\/wp-json\/wp\/v2\/posts\/1111\/revisions\/1549"}],"wp:attachment":[{"href":"https:\/\/www.plakat-raum-gesellschaft.ch\/index.php\/wp-json\/wp\/v2\/media?parent=1111"}],"wp:term":[{"taxonomy":"category","embeddable":true,"href":"https:\/\/www.plakat-raum-gesellschaft.ch\/index.php\/wp-json\/wp\/v2\/categories?post=1111"},{"taxonomy":"post_tag","embeddable":true,"href":"https:\/\/www.plakat-raum-gesellschaft.ch\/index.php\/wp-json\/wp\/v2\/tags?post=1111"}],"curies":[{"name":"wp","href":"https:\/\/api.w.org\/{rel}","templated":true}]}}