{"id":1161,"date":"2024-07-05T15:42:09","date_gmt":"2024-07-05T14:42:09","guid":{"rendered":"https:\/\/www.plakat-raum-gesellschaft.ch\/?p=1161"},"modified":"2026-04-27T23:12:51","modified_gmt":"2026-04-27T22:12:51","slug":"bundesgericht-stuetzt-werbeverbote-auf-oeffentlichem-und-auf-privatem-grund","status":"publish","type":"post","link":"https:\/\/www.plakat-raum-gesellschaft.ch\/index.php\/2024\/07\/05\/bundesgericht-stuetzt-werbeverbote-auf-oeffentlichem-und-auf-privatem-grund\/","title":{"rendered":"Bundesgericht st\u00fctzt Werbeverbote auf \u00f6ffentlichem und auf privatem Grund"},"content":{"rendered":"\n<p><strong>Einmal mehr hat das Bundesgericht festgelegt, dass ein Verbot von Aussenwerbung zul\u00e4ssig ist und die Wirtschafts- oder Meinungs\u00e4usserungsfreiheit nicht \u00fcber Geb\u00fchr beeintr\u00e4chtigt. Besonders erfreulich an diesem Entscheid ist, dass auch Werbeverbote auf Privatgrund, die vom \u00f6ffentlichen Grund aus sichtbar sind, zul\u00e4ssig sind.<\/strong><\/p>\n\n\n\n<!--more-->\n\n\n\n<p>Die Bundesgerichtsentscheide 2C 36\/2023 und 2C 38\/2023 sind <a href=\"https:\/\/entscheide.weblaw.ch\/cache.php?link=05.06.2024_2C_36-2023\">hier<\/a> einsehbar. Sie st\u00fctzen das weitreichende Werbeverbot der Genfer Gemeinde Vernier. Siehe die <a href=\"https:\/\/www.bger.ch\/files\/live\/sites\/bger\/files\/pdf\/de\/2c_0036_2023_2024_07_05_J_d_14_14_48.pdf\">Medienmitteilung<\/a>. <\/p>\n\n\n\n<p>Der Z\u00fcrcher Stadtrat Andr\u00e9 Odermatt hat stets behauptet, dass ein Werbeverbot unzul\u00e4ssig sei, konnte aber nie Dokumente pr\u00e4sentieren, die diese Einsch\u00e4tzung st\u00fctzen. Tats\u00e4chlich hat das Bundesgericht mehrmals die Gemeindeautonomie in Sachen Aussenwerbung untermauert. So argumentierte es 2008 bei Werbescreens im Niederdorf, dass die &#171;Verweigerung der Bewilligung f\u00fcr die umstrittenen Reklameanlagen vor der Verfassung stand h\u00e4lt&#187; (<a href=\"https:\/\/www.bger.ch\/ext\/eurospider\/live\/de\/php\/aza\/http\/index.php?lang=de&amp;type=highlight_simple_query&amp;page=1&amp;from_date=&amp;to_date=&amp;sort=relevance&amp;insertion_date=&amp;top_subcollection_aza=all&amp;query_words=Reklame+Stadt+Z%FCrich&amp;rank=9&amp;azaclir=aza&amp;highlight_docid=aza%3A%2F%2F08-01-2008-1C_12-2007&amp;number_of_ranks=21\">1C_12\/2007<\/a>). Ein \u00e4hnliches Urteil erging 2011: &#171;[&#8230;] angesichts der erh\u00f6hten \u00e4sthetischen Anforderungen von \u00a7 238 Abs. 2 PBG erscheint der angefochtene Entscheid als verfassungsrechtlich haltbar&#187; (<a href=\"https:\/\/www.bger.ch\/ext\/eurospider\/live\/de\/php\/aza\/http\/index.php?lang=de&amp;type=highlight_simple_query&amp;page=1&amp;from_date=&amp;to_date=&amp;sort=relevance&amp;insertion_date=&amp;top_subcollection_aza=all&amp;query_words=Reklame+Stadt+Z%FCrich&amp;rank=8&amp;azaclir=aza&amp;highlight_docid=aza%3A%2F%2F18-05-2011-1C_538-2010&amp;number_of_ranks=21\">1C_538\/2010<\/a>). 2021 entschied das Bundesgericht, dass die Initiative Gen\u00e8ve Z\u00e9ro Pub zul\u00e4ssig sei (<a href=\"https:\/\/entscheidsuche.ch\/docs\/GE_Gerichte\/GE_CJ_015_A-945-2021_2021-09-20.html\">1C_427\/2020<\/a>). Und jetzt folgt das Urteil im Fall von Vernier.<\/p>\n\n\n\n<p>Das ist auch f\u00fcr Z\u00fcrich von Belang. Der Z\u00fcrcher Gemeinderat hat in zwei Postulaten und einer Motion den Abbau oder die Einschr\u00e4nkung von Aussenwerbung gefordert. Weiter sind beim Stadtrat verschiedene Petitionen mit \u00e4hnlichen Zielen eingegangen. <strong>Die Rechtslage scheint klar. Der Wille des Parlaments und der Zivilgesellschaft ist unmissverst\u00e4ndlich. Die Nachhaltigkeitsziele der Stadt Z\u00fcrich sind es ebenso. Dennoch setzt sich das Hochbaudepartement und das Departement der Industriellen Betriebe \u00fcber all das hinweg und bewilligt munter weiter neue Werbeanlagen<\/strong> \u2013 viele davon mit massivem Energieverbrauch. Dabei spielen sie auf Zeit. Die auf das erste Halbjahr 2024 versprochene Energiebilanz soll nach neusten Informationen erst vor den Herbstferien 2024 erscheinen, dabei hat der Stadtrat nur bis am 7. September Zeit, um das <a href=\"https:\/\/www.plakat-raum-gesellschaft.ch\/index.php\/2022\/08\/21\/postulat-fur-ausbaustopp-von-werbescreens-und-leuchtdrehsaulen\/\">Postulat 2022\/317<\/a> zu beantworten.<\/p>\n","protected":false},"excerpt":{"rendered":"<p>Einmal mehr hat das Bundesgericht festgelegt, dass ein Verbot von Aussenwerbung zul\u00e4ssig ist und die Wirtschafts- oder Meinungs\u00e4usserungsfreiheit nicht \u00fcber Geb\u00fchr beeintr\u00e4chtigt. Besonders erfreulich an diesem Entscheid ist, dass auch Werbeverbote auf Privatgrund, die vom \u00f6ffentlichen Grund aus sichtbar sind, zul\u00e4ssig sind.<\/p>\n","protected":false},"author":1,"featured_media":0,"comment_status":"closed","ping_status":"open","sticky":false,"template":"","format":"standard","meta":{"footnotes":""},"categories":[1],"tags":[],"class_list":["post-1161","post","type-post","status-publish","format-standard","hentry","category-uncategorized"],"_links":{"self":[{"href":"https:\/\/www.plakat-raum-gesellschaft.ch\/index.php\/wp-json\/wp\/v2\/posts\/1161","targetHints":{"allow":["GET"]}}],"collection":[{"href":"https:\/\/www.plakat-raum-gesellschaft.ch\/index.php\/wp-json\/wp\/v2\/posts"}],"about":[{"href":"https:\/\/www.plakat-raum-gesellschaft.ch\/index.php\/wp-json\/wp\/v2\/types\/post"}],"author":[{"embeddable":true,"href":"https:\/\/www.plakat-raum-gesellschaft.ch\/index.php\/wp-json\/wp\/v2\/users\/1"}],"replies":[{"embeddable":true,"href":"https:\/\/www.plakat-raum-gesellschaft.ch\/index.php\/wp-json\/wp\/v2\/comments?post=1161"}],"version-history":[{"count":2,"href":"https:\/\/www.plakat-raum-gesellschaft.ch\/index.php\/wp-json\/wp\/v2\/posts\/1161\/revisions"}],"predecessor-version":[{"id":1546,"href":"https:\/\/www.plakat-raum-gesellschaft.ch\/index.php\/wp-json\/wp\/v2\/posts\/1161\/revisions\/1546"}],"wp:attachment":[{"href":"https:\/\/www.plakat-raum-gesellschaft.ch\/index.php\/wp-json\/wp\/v2\/media?parent=1161"}],"wp:term":[{"taxonomy":"category","embeddable":true,"href":"https:\/\/www.plakat-raum-gesellschaft.ch\/index.php\/wp-json\/wp\/v2\/categories?post=1161"},{"taxonomy":"post_tag","embeddable":true,"href":"https:\/\/www.plakat-raum-gesellschaft.ch\/index.php\/wp-json\/wp\/v2\/tags?post=1161"}],"curies":[{"name":"wp","href":"https:\/\/api.w.org\/{rel}","templated":true}]}}