{"id":1168,"date":"2024-07-30T11:49:03","date_gmt":"2024-07-30T10:49:03","guid":{"rendered":"https:\/\/www.plakat-raum-gesellschaft.ch\/?p=1168"},"modified":"2024-09-16T12:27:08","modified_gmt":"2024-09-16T11:27:08","slug":"von-wegen-meinungsaeusserungsfreiheit-apgsga-zensiert-sujet-von-ig-prg","status":"publish","type":"post","link":"https:\/\/www.plakat-raum-gesellschaft.ch\/index.php\/2024\/07\/30\/von-wegen-meinungsaeusserungsfreiheit-apgsga-zensiert-sujet-von-ig-prg\/","title":{"rendered":"Von wegen Meinungs\u00e4usserungsfreiheit: APG|SGA zensiert Sujet von IG PRG"},"content":{"rendered":"\n<p>Die IG Plakat | Raum | Gesellschaft wollte auf einem Werbebildschirm von APG|SGA ein Sujet ver\u00f6ffentlichen, das der Verein bereits 2023 auf Screens von Neo Advertising <a href=\"https:\/\/www.plakat-raum-gesellschaft.ch\/index.php\/2023\/03\/01\/postulat-zum-abbau-von-werbescreens-ig-prg-lanciert-kampagne-und-stadtrat-verbietet-titelseite-von-broschuere\/\" data-type=\"post\" data-id=\"1061\">ausgestrahlt hatte<\/a>. <\/p>\n\n\n\n<figure class=\"wp-block-image size-large\"><img loading=\"lazy\" decoding=\"async\" width=\"576\" height=\"1024\" src=\"https:\/\/www.plakat-raum-gesellschaft.ch\/wp-content\/uploads\/2023\/02\/VBZ-Werbung-JPEG-72dpi-576x1024.jpg\" alt=\"Werbescreens demontieren - 8,6 Mio. kWh Strom sparen.\" class=\"wp-image-1074\" srcset=\"https:\/\/www.plakat-raum-gesellschaft.ch\/wp-content\/uploads\/2023\/02\/VBZ-Werbung-JPEG-72dpi-576x1024.jpg 576w, https:\/\/www.plakat-raum-gesellschaft.ch\/wp-content\/uploads\/2023\/02\/VBZ-Werbung-JPEG-72dpi-169x300.jpg 169w, https:\/\/www.plakat-raum-gesellschaft.ch\/wp-content\/uploads\/2023\/02\/VBZ-Werbung-JPEG-72dpi-768x1365.jpg 768w, https:\/\/www.plakat-raum-gesellschaft.ch\/wp-content\/uploads\/2023\/02\/VBZ-Werbung-JPEG-72dpi-864x1536.jpg 864w, https:\/\/www.plakat-raum-gesellschaft.ch\/wp-content\/uploads\/2023\/02\/VBZ-Werbung-JPEG-72dpi.jpg 1080w\" sizes=\"auto, (max-width: 576px) 100vw, 576px\" \/><\/figure>\n\n\n\n<p>Doch der zu 25% zur NZZ-Gruppe geh\u00f6rende Marktf\u00fchrer weigerte sich: <\/p>\n\n\n\n<p><strong><em>Nach Begutachtung ihres <\/em>[sic!] <em>Sujets beziehen wir uns auf die \u00abAllgemeine Gesch\u00e4ftsbedingungen Digitale Out&nbsp;of&nbsp;Home Werbung\u00bb Artikel 7.1, wonach die APG|SGA die Ausstrahlung ohne Angabe von Gr\u00fcnden und im eigenen Ermessen ablehnen kann.<\/em><\/strong><br>\u2014 <em>E-Mail von APG|SGA vom 26.07.2024<\/em><\/p>\n\n\n\n<p>Da sich der betreffende Bildschirm auf Privatgrund befindet, bot die IG PRG deshalb an, die Ausstrahlung auf einen Bildschirm auf \u00f6ffentlichem Grund, der der SBB geh\u00f6rt, zu verschieben. Die IG PRG ist der Ansicht, dass ein Entscheid des Bundesverwaltungsgerichts vom 29. M\u00e4rz 2011 genau diesen Fall sch\u00fctzt:<\/p>\n\n\n\n<p><em><strong>Abschliessend ist daher festzuhalten, dass das Verbot, das fragliche Plakat zum Pal\u00e4stina-Konflikt im Hauptbahnhof Z\u00fcrich aufzuh\u00e4ngen, die Meinungsfreiheit verletzt.&nbsp;<\/strong><\/em><br>\u2014 <em>Entscheid des Bundesverwaltungsgerichts <a href=\"https:\/\/entscheide.weblaw.ch\/cache.php?link=29-03-2011-A-7454-2009\" target=\"_blank\" rel=\"noreferrer noopener\">A-7454\/2009<\/a> vom 29.03.2011<\/em><\/p>\n\n\n\n<p>Doch erneut weigerte sich die APG, das Sujet auszustrahlen. Das ist nicht nur zynisch, sondern demokratiepolitisch problematisch:<\/p>\n\n\n\n<p>Erstens agiert die APG als privatwirtschaftliche Zensurstelle, die dar\u00fcber bestimmt, welche Inhalte im \u00f6ffentlichen Raum zu sehen sind, obwohl sie im <a href=\"https:\/\/apgwebsite2021privatecloud-live-e989965-f00c998.divio-media.org\/filer_public\/cb\/68\/cb682e54-3d00-4a31-b682-f963715a6a45\/apgsga_nachhaltigkeits-reporting_2023_d.pdf\">Nachhaltigkeitsbericht<\/a> schreibt: \u00abDie APG|SGA unterst\u00fctzt und respektiert das subjektive Recht auf freie Meinung und Werbung und waltet nicht als Zensurstelle\u00bb (S. 20). <\/p>\n\n\n\n<p>Zweitens tut sie dies, obwohl das Bundesverwaltungsgericht klare Worte gesprochen hat, dass dies nicht zul\u00e4ssig ist. <\/p>\n\n\n\n<p>Drittens tut sie dies, obwohl die Branche nicht m\u00fcde wird zu sagen, dass das Medium Plakat wichtig sei f\u00fcr die Demokratie, die politische Meinungs\u00e4usserung und die Informationsfreiheit. <\/p>\n\n\n\n<p>Und viertens, in einem gr\u00f6sseren Zusammenhang betrachtet, zeigt sich eine fatale Entwicklung f\u00fcr die Meinungs\u00e4usserungs- und Informationsfreiheit. Das Duopol der Schweizer Aussenwerbung ist jetzt fest in den H\u00e4nden der beiden m\u00e4chtigen Medienh\u00e4user NZZ (25% von APG) und TX Gruppe (100% von Goldbach Neo). Es ist nicht zu erwarten, dass diese beim Thema Aussenwerbung als vierte Gewalt agieren und sachlich und neutral berichten werden, was wichtig w\u00e4re, da dieses Thema in verschiedenen St\u00e4dten in den Parlamenten verhandelt wird. Keine einzige der zur TX-Gruppe geh\u00f6renden Tamedia-Zeitungen hat beispielsweise \u00fcber den 87-Millionen-Franken-Deal berichtet, mit dem sich die Gruppe Clear Channel einverleibt und damit das Aussenwerbungs-Duopol wieder eingef\u00fchrt hat. F\u00fcr Beobachter:innen ist auch augenf\u00e4llig, wie es seither in den Tamedia-Zeitungen keine kritische Berichterstattung zum Thema gegeben hat. Bei der NZZ ist der Fall etwas anders gelagert, da bereits vor der Akquisition von 25% der APG-Aktien ein neoliberaler Ton die Berichterstattung \u00fcber Aussenwerbung dominiert hat.<\/p>\n\n\n\n<p><strong>Mit der Weigerung, das Sujet der IG PRG zu ver\u00f6ffentlichen, bahnt sich eine gef\u00e4hrliche Entwicklung an, in der privatwirtschaftliche Akteure dar\u00fcber bestimmen, was im \u00f6ffentlichen Raum zu sehen ist und was nicht.<\/strong> Es ist zu hoffen, dass auch die Politiker erkennt, dass diese illiberale Praxis zu unterbinden ist. <\/p>\n\n\n\n<p>PS: Dasselbe Sujet wurde vor einigen Tagen auch bei Goldbach Neo in Auftrag gegeben. Theoretisch l\u00e4uft die Kampagne, praktisch aber wurde noch kein einziger Spot ausgestrahlt.<\/p>\n\n\n\n<p><strong>Nachtrag, 10.8.24: <\/strong>Auf medialen Druck und\/oder Druck der Eigent\u00fcmerin SBB Immobilien hat die APG das Sujet nun zugelassen. Ob die IG PRG es wirklich ausstrahlen will, ist noch nicht entschieden.<\/p>\n","protected":false},"excerpt":{"rendered":"<p>Die IG Plakat | Raum | Gesellschaft wollte auf einem Werbebildschirm von APG|SGA ein Sujet ver\u00f6ffentlichen, das der Verein bereits 2023 auf Screens von Neo Advertising ausgestrahlt hatte. Doch der zu 25% zur NZZ-Gruppe geh\u00f6rende Marktf\u00fchrer weigerte sich: Nach Begutachtung ihres [sic!] Sujets beziehen wir uns auf die \u00abAllgemeine Gesch\u00e4ftsbedingungen Digitale Out&nbsp;of&nbsp;Home Werbung\u00bb Artikel 7.1, wonach die APG|SGA die Ausstrahlung ohne Angabe von Gr\u00fcnden und im eigenen Ermessen ablehnen kann.\u2014&hellip; <a href=\"https:\/\/www.plakat-raum-gesellschaft.ch\/index.php\/2024\/07\/30\/von-wegen-meinungsaeusserungsfreiheit-apgsga-zensiert-sujet-von-ig-prg\/\" class=\"more-link\">Weiterlesen <span class=\"meta-nav\">&rarr;<\/span><\/a><\/p>\n","protected":false},"author":1,"featured_media":1089,"comment_status":"closed","ping_status":"open","sticky":false,"template":"","format":"standard","meta":{"footnotes":""},"categories":[14,7],"tags":[],"class_list":["post-1168","post","type-post","status-publish","format-standard","has-post-thumbnail","hentry","category-apg","category-werbebildschirme"],"_links":{"self":[{"href":"https:\/\/www.plakat-raum-gesellschaft.ch\/index.php\/wp-json\/wp\/v2\/posts\/1168","targetHints":{"allow":["GET"]}}],"collection":[{"href":"https:\/\/www.plakat-raum-gesellschaft.ch\/index.php\/wp-json\/wp\/v2\/posts"}],"about":[{"href":"https:\/\/www.plakat-raum-gesellschaft.ch\/index.php\/wp-json\/wp\/v2\/types\/post"}],"author":[{"embeddable":true,"href":"https:\/\/www.plakat-raum-gesellschaft.ch\/index.php\/wp-json\/wp\/v2\/users\/1"}],"replies":[{"embeddable":true,"href":"https:\/\/www.plakat-raum-gesellschaft.ch\/index.php\/wp-json\/wp\/v2\/comments?post=1168"}],"version-history":[{"count":22,"href":"https:\/\/www.plakat-raum-gesellschaft.ch\/index.php\/wp-json\/wp\/v2\/posts\/1168\/revisions"}],"predecessor-version":[{"id":1205,"href":"https:\/\/www.plakat-raum-gesellschaft.ch\/index.php\/wp-json\/wp\/v2\/posts\/1168\/revisions\/1205"}],"wp:featuredmedia":[{"embeddable":true,"href":"https:\/\/www.plakat-raum-gesellschaft.ch\/index.php\/wp-json\/wp\/v2\/media\/1089"}],"wp:attachment":[{"href":"https:\/\/www.plakat-raum-gesellschaft.ch\/index.php\/wp-json\/wp\/v2\/media?parent=1168"}],"wp:term":[{"taxonomy":"category","embeddable":true,"href":"https:\/\/www.plakat-raum-gesellschaft.ch\/index.php\/wp-json\/wp\/v2\/categories?post=1168"},{"taxonomy":"post_tag","embeddable":true,"href":"https:\/\/www.plakat-raum-gesellschaft.ch\/index.php\/wp-json\/wp\/v2\/tags?post=1168"}],"curies":[{"name":"wp","href":"https:\/\/api.w.org\/{rel}","templated":true}]}}