{"id":1220,"date":"2024-10-15T19:57:38","date_gmt":"2024-10-15T18:57:38","guid":{"rendered":"https:\/\/www.plakat-raum-gesellschaft.ch\/?p=1220"},"modified":"2026-04-27T23:03:34","modified_gmt":"2026-04-27T22:03:34","slug":"tamedia-persoenlich-und-aussenwerbung-schweiz-vs-silicon-valley-die-werbepropaganda-schaltet-einen-gang-hoeher","status":"publish","type":"post","link":"https:\/\/www.plakat-raum-gesellschaft.ch\/index.php\/2024\/10\/15\/tamedia-persoenlich-und-aussenwerbung-schweiz-vs-silicon-valley-die-werbepropaganda-schaltet-einen-gang-hoeher\/","title":{"rendered":"Silicon Valley vs. Aussenwerbung Schweiz, Tamedia und Pers\u00f6nlich: Die Propaganda schaltet einen Gang h\u00f6her"},"content":{"rendered":"\n<p><strong>Fr\u00fcher war die Werbung noch toll, heute ist alles ein Einheitsbrei. Der Grund? Amazon, Apple, Meta, Microsoft und Google. Dies die These eines k\u00fcrzlich erschienenen SonntagsZeitung-Artikels, in der die Werbelobby unwidersprochen zur Sprache kommt. Was vertuscht wird: Das ist Teil der orchestrierten Propaganda, die die Plakatgesellschaften und ihre Handlanger derzeit verbreiten<\/strong><\/p>\n\n\n\n<!--more-->\n\n\n\n<figure class=\"wp-block-image size-large\"><img loading=\"lazy\" decoding=\"async\" width=\"1024\" height=\"357\" src=\"https:\/\/www.plakat-raum-gesellschaft.ch\/wp-content\/uploads\/2024\/10\/Persoenlich-will-keine-Reklame-cropped-1024x357.jpg\" alt=\"Pers\u00f6nlich will keine Reklame cropped\" class=\"wp-image-1247\" srcset=\"https:\/\/www.plakat-raum-gesellschaft.ch\/wp-content\/uploads\/2024\/10\/Persoenlich-will-keine-Reklame-cropped-1024x357.jpg 1024w, https:\/\/www.plakat-raum-gesellschaft.ch\/wp-content\/uploads\/2024\/10\/Persoenlich-will-keine-Reklame-cropped-300x105.jpg 300w, https:\/\/www.plakat-raum-gesellschaft.ch\/wp-content\/uploads\/2024\/10\/Persoenlich-will-keine-Reklame-cropped-768x268.jpg 768w, https:\/\/www.plakat-raum-gesellschaft.ch\/wp-content\/uploads\/2024\/10\/Persoenlich-will-keine-Reklame-cropped-1536x536.jpg 1536w, https:\/\/www.plakat-raum-gesellschaft.ch\/wp-content\/uploads\/2024\/10\/Persoenlich-will-keine-Reklame-cropped-2048x715.jpg 2048w\" sizes=\"auto, (max-width: 1024px) 100vw, 1024px\" \/><\/figure>\n\n\n\n<p>In der k\u00fcrzlich ver\u00f6ffentlichten <a href=\"https:\/\/www.stadt-zuerich.ch\/hbd\/de\/index\/ueber_das_departement\/medien\/medienmitteilungen\/2024\/09\/aussenwerbung-stadtrat-lehnt-werbeverbot-im-oeffentlichen-raum-ab.html\">Medienmitteilung<\/a> und <a href=\"https:\/\/www.gemeinderat-zuerich.ch\/dokumente\/d7ac40c39174421ba69eae3520d2e486-332?filename=2024_0178AntwortStadtrat\">Antwort<\/a> des Z\u00fcrcher Stadtrats auf die AL-Motion zur Reduktion von Aussenwerbung tauchen unbelegte Behauptungen aus dem Drehbuch von AWS Aussenwerbung Schweiz auf, der Lobbyorganisation des Plakatduopols APG\/Goldbach. Eine davon: &#171;Es w\u00fcrde einen massiven und einseitigen regulativen Eingriff in die lokale Wirtschaft bedeuten \u2013 mit absehbaren Verschiebungen in andere Werbekan\u00e4le. Diese Werbem\u00e4rkte sind gr\u00f6sstenteils von internationalen Konzernen gepr\u00e4gt.&#187; Vor zwei Jahren wurde dies im Gemeinderat noch von der <a href=\"https:\/\/www.gemeinderat-zuerich.ch\/dokumente\/7cfb90686e13420e85c17ebec60f3a7a-332?filename=2022_0317Protokollauszugsubstanziell\">GLP<\/a> und <a href=\"https:\/\/www.gemeinderat-zuerich.ch\/dokumente\/e45cd53c9ca7475aa4a49132a379dd45-332?filename=2022_0352Protokollauszugsubstanziell\">SVP<\/a> behauptet, inzwischen verunglimpft der Stadtrat die Unternehmen, denen er den <a href=\"https:\/\/www.republik.ch\/2023\/02\/07\/do-not-feed-the-google-folge-9-im-rot-gruenen-steuerparadies\">roten Teppich ausgerollt hat<\/a> und die in der Stadt Z\u00fcrich sch\u00e4tzungsweise f\u00fcnfzigmal mehr Menschen besch\u00e4ftigen als die Plakatgesellschaften.<\/p>\n\n\n\n<p>Ob der Stadtrat das auch glaubt, ist nicht klar. Klar ist aber: Die Werbebranche versucht gerade, ein neues Narrativ zu etablieren: Schuld an der Misere der rechtschaffenen und total beliebten Schweizer Werber ist nicht etwa ihre Unf\u00e4higkeit, Antworten auf die gesellschaftlichen, \u00f6kologischen und aufmerksamkeits\u00f6konomischen Ver\u00e4nderungen seit den 1990er-Jahren zu formulieren und ihre Branche dahingehend zu ver\u00e4ndern. Nein, Schuld ist die Online-Werbung der b\u00f6sen ausl\u00e4ndischen Silicon-Valley-Konzerne!<\/p>\n\n\n\n<p><strong>Scheinargument #3 von 9<\/strong><\/p>\n\n\n\n<p>Diese Behauptung ist eines der Puzzleteile zur Unterminierung demokratisch legitimierter Kritik an der Privatisierung des \u00f6ffentlichen Raums durch die Plakatgesellschaften. Letzte Woche hat AWS Aussenwerbung Schweiz eine neue Website aufgeschaltet, in der die Silicon-Valley-Werbung das dritte von neun Scheinargumenten zur Wahrung ihrer Profitinteressen ist (wir m\u00f6gen die Website nicht verlinken, um dem Stuss nicht noch mehr Aufmerksamkeit zu verschaffen).<\/p>\n\n\n\n<p>In der <a href=\"https:\/\/www.tagesanzeiger.ch\/werbung-kuenstliche-intelligenz-veraendert-werbebranche-959268371184\">SonntagsZeitung<\/a> hat Wirtschaftsredaktorin Edith Hollenstein nachgedoppelt. Der &#171;Grosse Artikel zur Zukunft der Werbebranche&#187; (<a href=\"https:\/\/persoenlich.com\/kategorie-werbung\/grosser-artikel-uber-die-zukunft-der-werbebranche\">Pers\u00f6nlich<\/a>) l\u00e4sst Matthias Ackeret vom Branchenmagazin Pers\u00f6nlich und die Lobbyorganisation Kommunikation Schweiz KS\/CS ausf\u00fchrlich zu Wort kommen, ohne dass ihre Behauptungen hinterfragt oder durch relevante empirische Fakten belegt w\u00fcrden. <\/p>\n\n\n\n<p>Was die SonntagsZeitung zu erw\u00e4hnen vergisst, ist, dass sie zum gleichen Gemischtwarenkonzern geh\u00f6rt wie die Nummer 2 im Aussenwerbungsmarkt, Goldbach Neo OOH (keine einzige Tamedia-Zeitung hat \u00fcber die CHF-90-Millionen-Akquisition von Clear Channel berichtet). Was auch nicht direkt in der SonntagsZeitung steht, ist, dass Edith Hollenstein fr\u00fcher Redaktionsleiterin beim Pers\u00f6nlich war und deshalb ganz einfach ihre guten Kolleg:innen von damals unwidersprochen zu Wort kommen l\u00e4sst.<\/p>\n\n\n\n<p>\u00dcbrigens: Nicht nur Tamedia und Pers\u00f6nlich arbeiten mit den Werbeplattformen von Google, Microsoft, Amazon und weiteren zusammen. Selbst Goldbach Neo OOH und APG|SGA haben auf ihrer Website Tracker und setzen Cookies der grossen Techkonzerne. Vielleicht sollten sie vor der eigenen T\u00fcre kehren, bevor sie den Mund zu voll nehmen.<\/p>\n\n\n\n<p><strong>Falls noch etwas unklar ist&#8230;<\/strong><\/p>\n\n\n\n<p>Um auf die Behauptung einzugehen: Gibt es eine inh\u00e4rente Beziehung zwischen weniger Aussenwerbung und mehr Online-Werbung, wie es der Stadtrat postuliert? Entschieden nein. Werden Werbegelder in den Online-Bereich abfliessen, wenn weniger Plakatfl\u00e4chen zur Verf\u00fcgung stehen? Wir wissen es nicht.<\/p>\n\n\n\n<p>Man muss nicht Fan der grossen Techunternehmen sein. Aber angesichts folgender Tatsachen ist es unredlich, dass die Werbeindustrie und der Stadtrat \u00fcber eine vermutete Verschiebung hin zu Online-Werbung jammern, sollte dem Auftrag der demokratisch legitimierten Legislative nach einer Reduktion von Aussenwerbung entsprochen werden:<\/p>\n\n\n\n<ul class=\"wp-block-list\">\n<li>Der kometenhafte Aufstieg der Online-Werbung hat zu einem massiven Einbruch der Werbeeinnahmen bei Medien mit journalistischen Inhalten gef\u00fchrt, nicht aber bei der Aussenwerbung. Weder der Stadtrat noch AWS Aussenwerbung Schweiz haben je etwas daf\u00fcr getan, um den Abfluss von Werbeeinnahmen von den redaktionellen Medien zu den Techkonzernen zu bremsen.<\/li>\n\n\n\n<li>Der Z\u00fcrcher Stadtrat hat den Techkonzernen, allen voran Google und Amazon Web Services, den roten Teppich ausgerollt, ohne R\u00fccksicht auf Verluste, wie steigende Preise und Wohnungsnot.<\/li>\n\n\n\n<li>Die zahlreichen Lobby- und Branchenorganisationen der Werbeindustrie fabulieren stets von Selbstregulierung. Sie h\u00e4tten es in der Hand, die Werbeauftraggebenden dahingehend zu beeinflussen, dass sie nicht in die Silicon-Valley-Werbeplattformen investieren. Tun sie aber offenbar nicht.<\/li>\n\n\n\n<li>Online-Werbung ist im Verdacht, viel zu hohe Reichweiten zu verkaufen, die von Menschen kaum \u00fcberpr\u00fcft werden k\u00f6nnen. <a href=\"https:\/\/out-of-home.watch\/\">Auch die Aussenwerbung verkauft viel zu hohe Reichweiten und vertuscht dies geschickt.<\/a> Das kostet Werbekund:innen in der Schweiz ungez\u00e4hlte Millionen. Dar\u00fcber will aber niemand in der Werbeindustrie reden. Es ist offenbar wichtiger, die Aussenwerbung zu sch\u00fctzen als die Werbekund:innen.<\/li>\n\n\n\n<li>Die Aussenwerbungsindustrie ist genauso scharf auf unsere pers\u00f6nlichen Daten wie die US-amerikanischen Techkonzerne. Siehe das gescheiterte Unternehmen <a href=\"https:\/\/medienwoche.ch\/2019\/11\/12\/revolutioniert-beem-den-werbemarkt\/\">Beem<\/a> oder Aymo von APG|SGA. Und selbst die Plakatgesellschaften installieren auf ihren Websites Tracker der Techkonzerne.<\/li>\n\n\n\n<li>Bis vor Kurzem waren die beiden fr\u00fcheren Marktf\u00fchrer APG|SGA und Clear Channel grossmehrheitlich in der Hand von ausl\u00e4ndischen Aktion\u00e4r:innen, was bei den Techkonzernen beklagt wird. Goldbach Neo OOH (ehem. Clear Channel) hat den Sitz im Steuerparadies H\u00fcnenberg ZG.<\/li>\n\n\n\n<li>Die Techkonzerne besch\u00e4ftigen sehr viel mehr Menschen in Z\u00fcrich (gegen 7500) als die hiesigen Plakatgesellschaften (150). Es ist plausibel, dass erstere alleine deshalb eine deutlich h\u00f6here direkte und indirekte Wertsch\u00f6pfung f\u00fcr den Standort Z\u00fcrich erzielen. Nur schon <a href=\"https:\/\/d1.awsstatic.com\/local\/switzerland\/aws-economic-impact-study-switzerland-infographic_1400x875.f0a41f2b97a9093935db1e158bf5a1f7d590c4fd.jpg\">Amazon Web Services<\/a> rechnet durch ihren Ausbau des Hubs Z\u00fcrich mit einer Zunahme des BIP in der Region Z\u00fcrich von \u00fcber CHF 16 Milliarden bis 2035.<\/li>\n\n\n\n<li>Ob die Techkonzerne mehr oder weniger Steuern in Z\u00fcrich bezahlen, wissen wir nicht. Die Stadt Z\u00fcrich mit fast 450 000 Einwohner:innen erh\u00e4lt aber von APG|SGA gerade einmal so viele Steuern, wie deren CEO Markus Ehrle alleine verdient (und nat\u00fcrlich nicht in der Stadt Z\u00fcrich versteuert).<\/li>\n<\/ul>\n\n\n\n<p><\/p>\n\n\n\n<p><\/p>\n","protected":false},"excerpt":{"rendered":"<p>Fr\u00fcher war die Werbung noch toll, heute ist alles ein Einheitsbrei. Der Grund? Amazon, Apple, Meta, Microsoft und Google. Dies die These eines k\u00fcrzlich erschienenen SonntagsZeitung-Artikels, in der die Werbelobby unwidersprochen zur Sprache kommt. Was vertuscht wird: Das ist Teil der orchestrierten Propaganda, die die Plakatgesellschaften und ihre Handlanger derzeit verbreiten<\/p>\n","protected":false},"author":1,"featured_media":1247,"comment_status":"closed","ping_status":"open","sticky":false,"template":"","format":"standard","meta":{"footnotes":""},"categories":[14,5,15,29,13,3,10],"tags":[31,32,30,34,35,33],"class_list":["post-1220","post","type-post","status-publish","format-standard","has-post-thumbnail","hentry","category-apg","category-aussenwerbung","category-clear-channel","category-goldbach-neo","category-schweiz","category-werbung","category-zurich","tag-aussenwerbung-schweiz","tag-aws","tag-persoenlich","tag-propaganda","tag-stadtrat-zuerich","tag-tamedia"],"_links":{"self":[{"href":"https:\/\/www.plakat-raum-gesellschaft.ch\/index.php\/wp-json\/wp\/v2\/posts\/1220","targetHints":{"allow":["GET"]}}],"collection":[{"href":"https:\/\/www.plakat-raum-gesellschaft.ch\/index.php\/wp-json\/wp\/v2\/posts"}],"about":[{"href":"https:\/\/www.plakat-raum-gesellschaft.ch\/index.php\/wp-json\/wp\/v2\/types\/post"}],"author":[{"embeddable":true,"href":"https:\/\/www.plakat-raum-gesellschaft.ch\/index.php\/wp-json\/wp\/v2\/users\/1"}],"replies":[{"embeddable":true,"href":"https:\/\/www.plakat-raum-gesellschaft.ch\/index.php\/wp-json\/wp\/v2\/comments?post=1220"}],"version-history":[{"count":80,"href":"https:\/\/www.plakat-raum-gesellschaft.ch\/index.php\/wp-json\/wp\/v2\/posts\/1220\/revisions"}],"predecessor-version":[{"id":1544,"href":"https:\/\/www.plakat-raum-gesellschaft.ch\/index.php\/wp-json\/wp\/v2\/posts\/1220\/revisions\/1544"}],"wp:featuredmedia":[{"embeddable":true,"href":"https:\/\/www.plakat-raum-gesellschaft.ch\/index.php\/wp-json\/wp\/v2\/media\/1247"}],"wp:attachment":[{"href":"https:\/\/www.plakat-raum-gesellschaft.ch\/index.php\/wp-json\/wp\/v2\/media?parent=1220"}],"wp:term":[{"taxonomy":"category","embeddable":true,"href":"https:\/\/www.plakat-raum-gesellschaft.ch\/index.php\/wp-json\/wp\/v2\/categories?post=1220"},{"taxonomy":"post_tag","embeddable":true,"href":"https:\/\/www.plakat-raum-gesellschaft.ch\/index.php\/wp-json\/wp\/v2\/tags?post=1220"}],"curies":[{"name":"wp","href":"https:\/\/api.w.org\/{rel}","templated":true}]}}