{"id":1528,"date":"2026-04-27T22:28:37","date_gmt":"2026-04-27T21:28:37","guid":{"rendered":"https:\/\/www.plakat-raum-gesellschaft.ch\/?p=1528"},"modified":"2026-04-28T02:34:58","modified_gmt":"2026-04-28T01:34:58","slug":"reduktion-von-werbung-fuer-rostigen-paragraphen-nominiert-jetzt-abstimmen","status":"publish","type":"post","link":"https:\/\/www.plakat-raum-gesellschaft.ch\/index.php\/2026\/04\/27\/reduktion-von-werbung-fuer-rostigen-paragraphen-nominiert-jetzt-abstimmen\/","title":{"rendered":"Michael Schmids freie Sicht auf ein freies Z\u00fcrich f\u00fcr rostigen Paragraphen nominiert: Jetzt abstimmen!"},"content":{"rendered":"\n<p><strong>Die rechtsb\u00fcrgerliche Organisation IG Freiheit hat f\u00fcnf Kandidat:innen f\u00fcr den Schm\u00e4hpreis &#171;Rostiger Paragraph&#187; nominiert. Mit dabei: Michael Schmid (AL) mit seinem Engagement f\u00fcr die Reduktion von kommerzieller Werbung im \u00f6ffentlichen Raum. Jetzt gilt: Sofort abstimmen!<\/strong><\/p>\n\n\n\n<!--more-->\n\n\n\n<p>Zum zwanzigsten Mal vergibt die sogenannte IG Freiheit den Schm\u00e4hpreis &#171;Rostiger Paragraph&#187;. Zur Jubil\u00e4umsausgabe nimmt sie es mit der Freiheit nicht so ernst und unterst\u00fctzt jene, <a href=\"https:\/\/www.plakat-raum-gesellschaft.ch\/index.php\/2025\/11\/22\/antidemokratisch-und-illiberal-goldbach-neo-zensiert-al-und-zeigt-sein-wahres-gesicht\/\" data-type=\"post\" data-id=\"1445\">die Parteien zensieren<\/a> und uns an jeder Ecke Werbung aufzwingen. So mit der Nomination von AL-Gemeinderat Michael Schmid und der Reduktion von Werbung.<\/p>\n\n\n\n<p>Das Illiberale dieser Nomination macht die IG Freiheit aber wett mit einem ultraliberalen Umgang mit Zahlen und Fakten. Einerseits spricht sie von einem Werbeverbot, wenn es nur um die Reduktion einer einzigen Werbeform geht (die teilweise \u00fcber 50% Leerstand hat). Andererseits sagt sie, dass 3000 Werbefl\u00e4chen im \u00f6ffentlichen Raum davon betroffen seien &#8211; und liegt damit immerhin um Faktor 3 daneben.<\/p>\n\n\n\n<p>Aber egal. Jede Werbung f\u00fcr weniger Werbung ist schlechte Werbung f\u00fcr mehr Werbung. Michael Schmid soll mit seinem Einsatz f\u00fcr die freie Sicht auf ein buntes Z\u00fcrich diesen Preis gewinnen. <strong>Deshalb jetzt auf <a href=\"https:\/\/freiheit-liberte.ch\/rostiger-paragraph\/kandidaten-2026\/\">freiheit-liberte.ch\/rostiger-paragraph\/kandidaten-2026\/<\/a> abstimmen! <\/strong><\/p>\n\n\n\n<p>Und dann Cookies l\u00f6schen oder mit einem VPN verbinden und nochmals abstimmen. <\/p>\n\n\n\n<p>Und nochmals.<\/p>\n\n\n\n<p><\/p>\n","protected":false},"excerpt":{"rendered":"<p>Die rechtsb\u00fcrgerliche Organisation IG Freiheit hat f\u00fcnf Kandidat:innen f\u00fcr den Schm\u00e4hpreis &#171;Rostiger Paragraph&#187; nominiert. Mit dabei: Michael Schmid (AL) mit seinem Engagement f\u00fcr die Reduktion von kommerzieller Werbung im \u00f6ffentlichen Raum. Jetzt gilt: Sofort abstimmen!<\/p>\n","protected":false},"author":1,"featured_media":0,"comment_status":"closed","ping_status":"open","sticky":false,"template":"","format":"standard","meta":{"footnotes":""},"categories":[1],"tags":[],"class_list":["post-1528","post","type-post","status-publish","format-standard","hentry","category-uncategorized"],"_links":{"self":[{"href":"https:\/\/www.plakat-raum-gesellschaft.ch\/index.php\/wp-json\/wp\/v2\/posts\/1528","targetHints":{"allow":["GET"]}}],"collection":[{"href":"https:\/\/www.plakat-raum-gesellschaft.ch\/index.php\/wp-json\/wp\/v2\/posts"}],"about":[{"href":"https:\/\/www.plakat-raum-gesellschaft.ch\/index.php\/wp-json\/wp\/v2\/types\/post"}],"author":[{"embeddable":true,"href":"https:\/\/www.plakat-raum-gesellschaft.ch\/index.php\/wp-json\/wp\/v2\/users\/1"}],"replies":[{"embeddable":true,"href":"https:\/\/www.plakat-raum-gesellschaft.ch\/index.php\/wp-json\/wp\/v2\/comments?post=1528"}],"version-history":[{"count":9,"href":"https:\/\/www.plakat-raum-gesellschaft.ch\/index.php\/wp-json\/wp\/v2\/posts\/1528\/revisions"}],"predecessor-version":[{"id":1561,"href":"https:\/\/www.plakat-raum-gesellschaft.ch\/index.php\/wp-json\/wp\/v2\/posts\/1528\/revisions\/1561"}],"wp:attachment":[{"href":"https:\/\/www.plakat-raum-gesellschaft.ch\/index.php\/wp-json\/wp\/v2\/media?parent=1528"}],"wp:term":[{"taxonomy":"category","embeddable":true,"href":"https:\/\/www.plakat-raum-gesellschaft.ch\/index.php\/wp-json\/wp\/v2\/categories?post=1528"},{"taxonomy":"post_tag","embeddable":true,"href":"https:\/\/www.plakat-raum-gesellschaft.ch\/index.php\/wp-json\/wp\/v2\/tags?post=1528"}],"curies":[{"name":"wp","href":"https:\/\/api.w.org\/{rel}","templated":true}]}}