{"id":16,"date":"2016-12-01T10:21:17","date_gmt":"2016-12-01T09:21:17","guid":{"rendered":"http:\/\/www.plakat-raum-gesellschaft.ch\/web2017\/?p=16"},"modified":"2017-05-24T15:32:28","modified_gmt":"2017-05-24T14:32:28","slug":"stadt-zurich-erweitert-angebot-von-leuchtdrehsaulen","status":"publish","type":"post","link":"https:\/\/www.plakat-raum-gesellschaft.ch\/index.php\/2016\/12\/01\/stadt-zurich-erweitert-angebot-von-leuchtdrehsaulen\/","title":{"rendered":"Stadt Z\u00fcrich erweitert Angebot von Leuchtdrehs\u00e4ulen"},"content":{"rendered":"<p><img loading=\"lazy\" decoding=\"async\" class=\"alignnone wp-image-112 size-full\" src=\"https:\/\/www.plakat-raum-gesellschaft.ch\/web2017\/wp-content\/uploads\/2016\/12\/leuchtdrehsaeule.jpg\" alt=\"Leuchtdrehs\u00e4ue an der Seebahnstrasse\" width=\"800\" height=\"457\" srcset=\"https:\/\/www.plakat-raum-gesellschaft.ch\/wp-content\/uploads\/2016\/12\/leuchtdrehsaeule.jpg 800w, https:\/\/www.plakat-raum-gesellschaft.ch\/wp-content\/uploads\/2016\/12\/leuchtdrehsaeule-300x171.jpg 300w, https:\/\/www.plakat-raum-gesellschaft.ch\/wp-content\/uploads\/2016\/12\/leuchtdrehsaeule-768x439.jpg 768w\" sizes=\"auto, (max-width: 800px) 100vw, 800px\" \/><\/p>\n<p>Wie der <a href=\"http:\/\/www.tagesanzeiger.ch\/zuerich\/stadt\/endlich-erfolgreiche-leuchtroehren\/story\/28015426\" target=\"_blank\" rel=\"noopener noreferrer\">Tages-Anzeiger gestern berichtete<\/a>, wird die Stadt Z\u00fcrich ihr Angebot von Leuchtdrehs\u00e4uen auf st\u00e4dtischen Grundst\u00fccken erweitern. Dies, obwohl ihre eigenen Umfragen eine tiefe Beliebtheit bei der Bev\u00f6lkerung gezeigt haben, eine <a href=\"http:\/\/www.xn--schnes-zrich-6ib3g.ch\/\">Petition gegen die neuen Werbeformen<\/a> eingereicht wurde, jede unabh\u00e4ngige Studie zeigt, dass Werbung bei der Bev\u00f6lkerung nicht beliebt ist, und auch die Kommentare zu Zeitungsartikeln, die dar\u00fcber berichten, ein eindeutiges Bild hinterlassen: Ein Grossteil der Bev\u00f6lkerung will keine weitere Werbung. Kommt hinzu, dass die Leuchtzeiten sich nicht an das <a href=\"https:\/\/www.stadt-zuerich.ch\/content\/dam\/stzh\/hbd\/Deutsch\/Bewilligen_und_Beratung\/Weitere%20Dokumente\/Reklame_Aussenwerbung\/Plakatierung\/Plakatierungskonzept_Maerz_2013.pdf\" target=\"_blank\" rel=\"noopener noreferrer\">Konzept Plakatierung<\/a> der Stadt halten, das ein Abschalten um 23 Uhr vorsieht. Weiter hat sich gezeigt, dass die Leuchtdrehs\u00e4ulen w\u00e4hrend rund drei Sommermonaten in 2016 (also weit \u00fcber das \u00abSommerloch\u00bb hinaus), fast ausschliesslich mit Eigenwerbung f\u00fcr Clear Channel und die Werbelobby bespielt waren, dass diese Fl\u00e4chen also selbst bei Werbetreibenden nicht beliebt sind.<\/p>\n<p>Gem\u00e4ss Bericht im Tages-Anzeiger will die Stadt eine \u00d6kobilanz als Entscheidungsgrundlage f\u00fcr die Bewilligung von weiteren Leuchtdrehs\u00e4ulen erstellen. Eine solche \u00d6kobilanz wurde bereits f\u00fcr den Testbetrieb ab Januar 2013 versprochen. Und dann wieder. Die wenigen Zahlen, die die Stadt hierzu ver\u00f6ffentlicht hat, zeigen: Eine Leuchtbildschirm verbraucht rund viermal so viel Strom wie eine Wohnung, in der Menschen leben. F\u00fcr die Leuchtdrehs\u00e4ulen hat die Stadt keine aufschlussreichen Daten ver\u00f6ffentlicht. Eine \u00d6kobilanz als Entscheidungsgrundlage ist Augenwischerei, hat doch die Stadt bereits durchscheinen lassen, dass <a href=\"https:\/\/www.plakat-raum-gesellschaft.ch\/petition2015\/wp-content\/uploads\/antwort-stadtrat.pdf\" target=\"_blank\" rel=\"noopener noreferrer\">mehr solche Werbeformen folgen werden<\/a>.<\/p>\n<p>Ausserdem hat die Stadt Z\u00fcrich in der Vergangenheit versprochen, dass mit den neuen Werbeformen konventionelle Werbefl\u00e4chen abgebaut werden. Bis heute hat sie kein diesbez\u00fcgliches Konzept vorgelegt.<\/p>\n<p>Die fr\u00fchere Vorsteherin des Hochbaudepartements, die freisinnige Kathrin Martelli, hat 2006 geschrieben: <a href=\"https:\/\/www.stadt-zuerich.ch\/hbd\/de\/index\/bewilligungen_und_beratung\/aussenwerbung\/reklameanlagen\/konzept_reklameanlagen.html\" target=\"_blank\" rel=\"noopener noreferrer\">\u00abDie Stadt hat daf\u00fcr zu sorgen, dass die Werbung nicht in einer Reiz\u00fcberflutung des \u00f6ffentlichen Raums m\u00fcndet.\u00bb<\/a> Davon ist unter SP-Stadtrat Andr\u00e9 Odermatt offensichtlich nichts mehr zu sp\u00fcren.<\/p>\n","protected":false},"excerpt":{"rendered":"<p>Wie der Tages-Anzeiger gestern berichtete, wird die Stadt Z\u00fcrich ihr Angebot von Leuchtdrehs\u00e4uen auf st\u00e4dtischen Grundst\u00fccken erweitern. Dies, obwohl ihre eigenen Umfragen eine tiefe Beliebtheit bei der Bev\u00f6lkerung gezeigt haben, eine Petition gegen die neuen Werbeformen eingereicht wurde, jede unabh\u00e4ngige Studie zeigt, dass Werbung bei der Bev\u00f6lkerung nicht beliebt ist, und auch die Kommentare zu Zeitungsartikeln, die dar\u00fcber berichten, ein eindeutiges Bild hinterlassen: Ein Grossteil der Bev\u00f6lkerung will keine weitere&hellip; <a href=\"https:\/\/www.plakat-raum-gesellschaft.ch\/index.php\/2016\/12\/01\/stadt-zurich-erweitert-angebot-von-leuchtdrehsaulen\/\" class=\"more-link\">Weiterlesen <span class=\"meta-nav\">&rarr;<\/span><\/a><\/p>\n","protected":false},"author":1,"featured_media":113,"comment_status":"closed","ping_status":"open","sticky":false,"template":"","format":"standard","meta":{"footnotes":""},"categories":[5,15,6,10],"tags":[],"class_list":["post-16","post","type-post","status-publish","format-standard","has-post-thumbnail","hentry","category-aussenwerbung","category-clear-channel","category-leuchtdrehsaulen","category-zurich"],"_links":{"self":[{"href":"https:\/\/www.plakat-raum-gesellschaft.ch\/index.php\/wp-json\/wp\/v2\/posts\/16","targetHints":{"allow":["GET"]}}],"collection":[{"href":"https:\/\/www.plakat-raum-gesellschaft.ch\/index.php\/wp-json\/wp\/v2\/posts"}],"about":[{"href":"https:\/\/www.plakat-raum-gesellschaft.ch\/index.php\/wp-json\/wp\/v2\/types\/post"}],"author":[{"embeddable":true,"href":"https:\/\/www.plakat-raum-gesellschaft.ch\/index.php\/wp-json\/wp\/v2\/users\/1"}],"replies":[{"embeddable":true,"href":"https:\/\/www.plakat-raum-gesellschaft.ch\/index.php\/wp-json\/wp\/v2\/comments?post=16"}],"version-history":[{"count":7,"href":"https:\/\/www.plakat-raum-gesellschaft.ch\/index.php\/wp-json\/wp\/v2\/posts\/16\/revisions"}],"predecessor-version":[{"id":119,"href":"https:\/\/www.plakat-raum-gesellschaft.ch\/index.php\/wp-json\/wp\/v2\/posts\/16\/revisions\/119"}],"wp:featuredmedia":[{"embeddable":true,"href":"https:\/\/www.plakat-raum-gesellschaft.ch\/index.php\/wp-json\/wp\/v2\/media\/113"}],"wp:attachment":[{"href":"https:\/\/www.plakat-raum-gesellschaft.ch\/index.php\/wp-json\/wp\/v2\/media?parent=16"}],"wp:term":[{"taxonomy":"category","embeddable":true,"href":"https:\/\/www.plakat-raum-gesellschaft.ch\/index.php\/wp-json\/wp\/v2\/categories?post=16"},{"taxonomy":"post_tag","embeddable":true,"href":"https:\/\/www.plakat-raum-gesellschaft.ch\/index.php\/wp-json\/wp\/v2\/tags?post=16"}],"curies":[{"name":"wp","href":"https:\/\/api.w.org\/{rel}","templated":true}]}}