{"id":18,"date":"2016-02-01T10:24:07","date_gmt":"2016-02-01T09:24:07","guid":{"rendered":"http:\/\/www.plakat-raum-gesellschaft.ch\/web2017\/?p=18"},"modified":"2017-09-11T13:30:47","modified_gmt":"2017-09-11T12:30:47","slug":"skiferien-ohne-werbeunterbrechung-ig-prg-veroffentlicht-buchlein-mit-werbefreien-skigebieten","status":"publish","type":"post","link":"https:\/\/www.plakat-raum-gesellschaft.ch\/index.php\/2016\/02\/01\/skiferien-ohne-werbeunterbrechung-ig-prg-veroffentlicht-buchlein-mit-werbefreien-skigebieten\/","title":{"rendered":"Skiferien ohne Werbeunterbrechung: <br\/>IG PRG ver\u00f6ffentlicht B\u00fcchlein mit werbefreien Skigebieten"},"content":{"rendered":"<div>\n<p><img loading=\"lazy\" decoding=\"async\" class=\"alignnone size-full wp-image-122\" src=\"https:\/\/www.plakat-raum-gesellschaft.ch\/web2017\/wp-content\/uploads\/2016\/02\/Skigebiet-breit.jpg\" alt=\"\" width=\"640\" height=\"249\" srcset=\"https:\/\/www.plakat-raum-gesellschaft.ch\/wp-content\/uploads\/2016\/02\/Skigebiet-breit.jpg 640w, https:\/\/www.plakat-raum-gesellschaft.ch\/wp-content\/uploads\/2016\/02\/Skigebiet-breit-300x117.jpg 300w\" sizes=\"auto, (max-width: 640px) 100vw, 640px\" \/><\/p>\n<p>Ein Tag in den Bergen ist Balsam f\u00fcr Herz und Seele \u2014 w\u00e4ren da nicht an jeder Ecke die Verkaufsbotschaften, denen wir eigentlich entfliehen wollten. Riesige Werbefl\u00e4chen h\u00e4ngen an den Tal- und Bergstationen, per Helikopter eingeflogene Autos s\u00e4umen den Pistenrand, 34 Meter lange Toblerone-Verpackungen kleiden die Skilifte ein.<\/p>\n<p>Doch es gibt eine kleine, feine Anzahl von Skigebieten, bei denen sich keine Werbung vor die schneebedeckten Berge schiebt. Manche sind f\u00fcr die APG|SGA zu wenig interessant, bei anderen wird ganz bewusst auf Werbung verzichtet. Die IG PRG hat sie zusammengetragen.<\/p>\n<\/div>\n<div><\/div>\n<div>Das PDF kann <a title=\"Skifahren ohne Werbeunterbrechung\" href=\"https:\/\/www.plakat-raum-gesellschaft.ch\/div-dokumente\/skiferien-ohne-werbeunterbrechung-2016.pdf\" target=\"_blank\" rel=\"noopener noreferrer\">hier heruntergeladen<\/a> werden. F\u00fcr 5 Franken kann das B\u00fcchlein auch per E-Mail an <a href=\"mailto:info@plakat-raum-gesellschaft.ch\">info@plakat-raum-gesellschaft.ch<\/a> bestellt werden.<\/div>\n","protected":false},"excerpt":{"rendered":"<p>Ein Tag in den Bergen ist Balsam f\u00fcr Herz und Seele \u2014 w\u00e4ren da nicht an jeder Ecke die Verkaufsbotschaften, denen wir eigentlich entfliehen wollten. Riesige Werbefl\u00e4chen h\u00e4ngen an den Tal- und Bergstationen, per Helikopter eingeflogene Autos s\u00e4umen den Pistenrand, 34 Meter lange Toblerone-Verpackungen kleiden die Skilifte ein. Doch es gibt eine kleine, feine Anzahl von Skigebieten, bei denen sich keine Werbung vor die schneebedeckten Berge schiebt. Manche sind f\u00fcr&hellip; <a href=\"https:\/\/www.plakat-raum-gesellschaft.ch\/index.php\/2016\/02\/01\/skiferien-ohne-werbeunterbrechung-ig-prg-veroffentlicht-buchlein-mit-werbefreien-skigebieten\/\" class=\"more-link\">Weiterlesen <span class=\"meta-nav\">&rarr;<\/span><\/a><\/p>\n","protected":false},"author":1,"featured_media":122,"comment_status":"closed","ping_status":"open","sticky":false,"template":"","format":"standard","meta":{"footnotes":""},"categories":[9,13,11,12],"tags":[],"class_list":["post-18","post","type-post","status-publish","format-standard","has-post-thumbnail","hentry","category-neues-von-der-ig","category-schweiz","category-skigebiete","category-werbefrei"],"_links":{"self":[{"href":"https:\/\/www.plakat-raum-gesellschaft.ch\/index.php\/wp-json\/wp\/v2\/posts\/18","targetHints":{"allow":["GET"]}}],"collection":[{"href":"https:\/\/www.plakat-raum-gesellschaft.ch\/index.php\/wp-json\/wp\/v2\/posts"}],"about":[{"href":"https:\/\/www.plakat-raum-gesellschaft.ch\/index.php\/wp-json\/wp\/v2\/types\/post"}],"author":[{"embeddable":true,"href":"https:\/\/www.plakat-raum-gesellschaft.ch\/index.php\/wp-json\/wp\/v2\/users\/1"}],"replies":[{"embeddable":true,"href":"https:\/\/www.plakat-raum-gesellschaft.ch\/index.php\/wp-json\/wp\/v2\/comments?post=18"}],"version-history":[{"count":4,"href":"https:\/\/www.plakat-raum-gesellschaft.ch\/index.php\/wp-json\/wp\/v2\/posts\/18\/revisions"}],"predecessor-version":[{"id":584,"href":"https:\/\/www.plakat-raum-gesellschaft.ch\/index.php\/wp-json\/wp\/v2\/posts\/18\/revisions\/584"}],"wp:featuredmedia":[{"embeddable":true,"href":"https:\/\/www.plakat-raum-gesellschaft.ch\/index.php\/wp-json\/wp\/v2\/media\/122"}],"wp:attachment":[{"href":"https:\/\/www.plakat-raum-gesellschaft.ch\/index.php\/wp-json\/wp\/v2\/media?parent=18"}],"wp:term":[{"taxonomy":"category","embeddable":true,"href":"https:\/\/www.plakat-raum-gesellschaft.ch\/index.php\/wp-json\/wp\/v2\/categories?post=18"},{"taxonomy":"post_tag","embeddable":true,"href":"https:\/\/www.plakat-raum-gesellschaft.ch\/index.php\/wp-json\/wp\/v2\/tags?post=18"}],"curies":[{"name":"wp","href":"https:\/\/api.w.org\/{rel}","templated":true}]}}