{"id":21,"date":"2015-11-09T10:25:52","date_gmt":"2015-11-09T09:25:52","guid":{"rendered":"http:\/\/www.plakat-raum-gesellschaft.ch\/web2017\/?p=21"},"modified":"2017-06-13T11:06:31","modified_gmt":"2017-06-13T10:06:31","slug":"keine-werbebildschirme-und-leuchtdrehsaulen-im-offentlichen-raum","status":"publish","type":"post","link":"https:\/\/www.plakat-raum-gesellschaft.ch\/index.php\/2015\/11\/09\/keine-werbebildschirme-und-leuchtdrehsaulen-im-offentlichen-raum\/","title":{"rendered":"Keine Werbebildschirme und Leuchtdrehs\u00e4ulen im \u00f6ffentlichen Raum!"},"content":{"rendered":"<p><img loading=\"lazy\" decoding=\"async\" class=\"alignnone size-full wp-image-364\" src=\"https:\/\/www.plakat-raum-gesellschaft.ch\/web2017\/wp-content\/uploads\/2015\/11\/Werbebildschirm-Bellevue.jpg\" alt=\"\" width=\"640\" height=\"361\" srcset=\"https:\/\/www.plakat-raum-gesellschaft.ch\/wp-content\/uploads\/2015\/11\/Werbebildschirm-Bellevue.jpg 640w, https:\/\/www.plakat-raum-gesellschaft.ch\/wp-content\/uploads\/2015\/11\/Werbebildschirm-Bellevue-300x169.jpg 300w\" sizes=\"auto, (max-width: 640px) 100vw, 640px\" \/><\/p>\n<p>Im M\u00e4rz hat der Stadtrat beschlossen, 2016 zehn Werbebildschirme und dreissig Leuchtdrehs\u00e4ulen zu installieren, finanziert mit 1.15 Millionen Franken an Steuergeldern. Der Stadtrat l\u00e4sst durchleuchten, dass dies erst der Anfang von neuen invasiven Werbeformen ist.<\/p>\n<p>Die IG PRG hat am 9. Mai 2015 eine Petition lanciert, die den Stadtrat aufgefordert hat, vom Entscheid zur\u00fcckzutreten. Nach einem Monat wurde die Petition mit 520 Unterschriften eingereicht.<\/p>\n<p><strong>Lesen Sie jetzt den Petitionstext und die Antwort des Stadtrats vom 5. November 2015.<\/strong><\/p>\n<p><a title=\"Zur Petition\" href=\"http:\/\/www.xn--schnes-zrich-6ib3g.ch\/\">www.sch\u00f6nes-z\u00fcrich.ch\u00a0<\/a><\/p>\n","protected":false},"excerpt":{"rendered":"<p>Im M\u00e4rz hat der Stadtrat beschlossen, 2016 zehn Werbebildschirme und dreissig Leuchtdrehs\u00e4ulen zu installieren, finanziert mit 1.15 Millionen Franken an Steuergeldern. Der Stadtrat l\u00e4sst durchleuchten, dass dies erst der Anfang von neuen invasiven Werbeformen ist. Die IG PRG hat am 9. Mai 2015 eine Petition lanciert, die den Stadtrat aufgefordert hat, vom Entscheid zur\u00fcckzutreten. Nach einem Monat wurde die Petition mit 520 Unterschriften eingereicht. Lesen Sie jetzt den Petitionstext und&hellip; <a href=\"https:\/\/www.plakat-raum-gesellschaft.ch\/index.php\/2015\/11\/09\/keine-werbebildschirme-und-leuchtdrehsaulen-im-offentlichen-raum\/\" class=\"more-link\">Weiterlesen <span class=\"meta-nav\">&rarr;<\/span><\/a><\/p>\n","protected":false},"author":1,"featured_media":364,"comment_status":"closed","ping_status":"open","sticky":false,"template":"","format":"standard","meta":{"footnotes":""},"categories":[5,6,9,7,10],"tags":[],"class_list":["post-21","post","type-post","status-publish","format-standard","has-post-thumbnail","hentry","category-aussenwerbung","category-leuchtdrehsaulen","category-neues-von-der-ig","category-werbebildschirme","category-zurich"],"_links":{"self":[{"href":"https:\/\/www.plakat-raum-gesellschaft.ch\/index.php\/wp-json\/wp\/v2\/posts\/21","targetHints":{"allow":["GET"]}}],"collection":[{"href":"https:\/\/www.plakat-raum-gesellschaft.ch\/index.php\/wp-json\/wp\/v2\/posts"}],"about":[{"href":"https:\/\/www.plakat-raum-gesellschaft.ch\/index.php\/wp-json\/wp\/v2\/types\/post"}],"author":[{"embeddable":true,"href":"https:\/\/www.plakat-raum-gesellschaft.ch\/index.php\/wp-json\/wp\/v2\/users\/1"}],"replies":[{"embeddable":true,"href":"https:\/\/www.plakat-raum-gesellschaft.ch\/index.php\/wp-json\/wp\/v2\/comments?post=21"}],"version-history":[{"count":2,"href":"https:\/\/www.plakat-raum-gesellschaft.ch\/index.php\/wp-json\/wp\/v2\/posts\/21\/revisions"}],"predecessor-version":[{"id":365,"href":"https:\/\/www.plakat-raum-gesellschaft.ch\/index.php\/wp-json\/wp\/v2\/posts\/21\/revisions\/365"}],"wp:featuredmedia":[{"embeddable":true,"href":"https:\/\/www.plakat-raum-gesellschaft.ch\/index.php\/wp-json\/wp\/v2\/media\/364"}],"wp:attachment":[{"href":"https:\/\/www.plakat-raum-gesellschaft.ch\/index.php\/wp-json\/wp\/v2\/media?parent=21"}],"wp:term":[{"taxonomy":"category","embeddable":true,"href":"https:\/\/www.plakat-raum-gesellschaft.ch\/index.php\/wp-json\/wp\/v2\/categories?post=21"},{"taxonomy":"post_tag","embeddable":true,"href":"https:\/\/www.plakat-raum-gesellschaft.ch\/index.php\/wp-json\/wp\/v2\/tags?post=21"}],"curies":[{"name":"wp","href":"https:\/\/api.w.org\/{rel}","templated":true}]}}