{"id":23,"date":"2013-10-20T10:27:22","date_gmt":"2013-10-20T09:27:22","guid":{"rendered":"http:\/\/www.plakat-raum-gesellschaft.ch\/web2017\/?p=23"},"modified":"2017-05-24T15:33:41","modified_gmt":"2017-05-24T14:33:41","slug":"wem-gehort-zurich-demonstration-und-vortrag","status":"publish","type":"post","link":"https:\/\/www.plakat-raum-gesellschaft.ch\/index.php\/2013\/10\/20\/wem-gehort-zurich-demonstration-und-vortrag\/","title":{"rendered":"Wem geh\u00f6rt Z\u00fcrich? Demonstration und Vortrag"},"content":{"rendered":"<p>Am 26. Oktober 2013 geben verschiedene Organisationen mit einer Demonstration ihre Antwort zur Frage <a href=\"http:\/\/www.wem-gehoert-zuerich.ch\/\" target=\"_blank\" rel=\"noopener noreferrer\">\u00abWem geh\u00f6rt Z\u00fcrich?\u00bb<\/a> Die IG PRG unterst\u00fctzt die Demonstration und die Anliegen, f\u00fcr die sie sich einsetzt.<\/p>\n<p>Im Rahmen derselben Fragestellung h\u00e4lt IG-PRG-Pr\u00e4sident Christian H\u00e4nggi am 31. Oktober um 20 Uhr im Gemeinschaftsraum Kanzleistrasse, Seebahnstrasse 201, Z\u00fcrich, einen Vortrag zur Frage <a href=\"http:\/\/www.corner-college.com\/Veranstaltungen\/1383174000\/768\" target=\"_blank\" rel=\"noopener noreferrer\">\u00abWem geh\u00f6ren die Plakatw\u00e4nde?\u00bb<\/a> Der Eintritt ist frei.<\/p>\n","protected":false},"excerpt":{"rendered":"<p>Am 26. Oktober 2013 geben verschiedene Organisationen mit einer Demonstration ihre Antwort zur Frage \u00abWem geh\u00f6rt Z\u00fcrich?\u00bb Die IG PRG unterst\u00fctzt die Demonstration und die Anliegen, f\u00fcr die sie sich einsetzt. Im Rahmen derselben Fragestellung h\u00e4lt IG-PRG-Pr\u00e4sident Christian H\u00e4nggi am 31. Oktober um 20 Uhr im Gemeinschaftsraum Kanzleistrasse, Seebahnstrasse 201, Z\u00fcrich, einen Vortrag zur Frage \u00abWem geh\u00f6ren die Plakatw\u00e4nde?\u00bb Der Eintritt ist frei.<\/p>\n","protected":false},"author":1,"featured_media":0,"comment_status":"closed","ping_status":"open","sticky":false,"template":"","format":"standard","meta":{"footnotes":""},"categories":[5,9,10],"tags":[],"class_list":["post-23","post","type-post","status-publish","format-standard","hentry","category-aussenwerbung","category-neues-von-der-ig","category-zurich"],"_links":{"self":[{"href":"https:\/\/www.plakat-raum-gesellschaft.ch\/index.php\/wp-json\/wp\/v2\/posts\/23","targetHints":{"allow":["GET"]}}],"collection":[{"href":"https:\/\/www.plakat-raum-gesellschaft.ch\/index.php\/wp-json\/wp\/v2\/posts"}],"about":[{"href":"https:\/\/www.plakat-raum-gesellschaft.ch\/index.php\/wp-json\/wp\/v2\/types\/post"}],"author":[{"embeddable":true,"href":"https:\/\/www.plakat-raum-gesellschaft.ch\/index.php\/wp-json\/wp\/v2\/users\/1"}],"replies":[{"embeddable":true,"href":"https:\/\/www.plakat-raum-gesellschaft.ch\/index.php\/wp-json\/wp\/v2\/comments?post=23"}],"version-history":[{"count":1,"href":"https:\/\/www.plakat-raum-gesellschaft.ch\/index.php\/wp-json\/wp\/v2\/posts\/23\/revisions"}],"predecessor-version":[{"id":24,"href":"https:\/\/www.plakat-raum-gesellschaft.ch\/index.php\/wp-json\/wp\/v2\/posts\/23\/revisions\/24"}],"wp:attachment":[{"href":"https:\/\/www.plakat-raum-gesellschaft.ch\/index.php\/wp-json\/wp\/v2\/media?parent=23"}],"wp:term":[{"taxonomy":"category","embeddable":true,"href":"https:\/\/www.plakat-raum-gesellschaft.ch\/index.php\/wp-json\/wp\/v2\/categories?post=23"},{"taxonomy":"post_tag","embeddable":true,"href":"https:\/\/www.plakat-raum-gesellschaft.ch\/index.php\/wp-json\/wp\/v2\/tags?post=23"}],"curies":[{"name":"wp","href":"https:\/\/api.w.org\/{rel}","templated":true}]}}