{"id":25,"date":"2013-09-27T10:28:10","date_gmt":"2013-09-27T09:28:10","guid":{"rendered":"http:\/\/www.plakat-raum-gesellschaft.ch\/web2017\/?p=25"},"modified":"2017-09-18T11:56:27","modified_gmt":"2017-09-18T10:56:27","slug":"zurich-umfrage-zu-plakaten-und-werbebildschirmen-im-offentlichen-raum","status":"publish","type":"post","link":"https:\/\/www.plakat-raum-gesellschaft.ch\/index.php\/2013\/09\/27\/zurich-umfrage-zu-plakaten-und-werbebildschirmen-im-offentlichen-raum\/","title":{"rendered":"Z\u00fcrich: Umfrage zu Plakaten und Werbebildschirmen im \u00f6ffentlichen Raum"},"content":{"rendered":"<p>Die Plakatgesellschaften haben zusammen mit der Stadt Z\u00fcrich beim Meinungsforschungsinstitut Demoscope eine Umfrage f\u00fcr Passantinnen und Passanten in Auftrag gegeben. Das Ziel der Umfrage ist, zu eruieren, ob die Werbescreens beim Publikum akzeptiert werden. Die Stadt hat uns den Fragebogen nicht zukommen lassen, weshalb wir ihn uns \u00fcber andere Wege beschaffen mussten. Die IG PRG meint, dass es einige problematische und suggestive Fragen gibt. Das Hauptproblem bleibt, dass eine uninformierte Bev\u00f6lkerung befragt wird, die keine Ahnung \u00fcber Zahlen und Fakten zum Gesch\u00e4ft mit Werbung im \u00f6ffentlichen Raum hat. Die Fragen \u2014 von uns transkribiert und teilweise mit Kommentaren versehen \u2014 k\u00f6nnen hier eingesehen werden: <a title=\"Umfrage der Stadt Z\u00fcrich zu Werbebildschirmen und Werbeplakaten\" href=\"https:\/\/www.plakat-raum-gesellschaft.ch\/div-dokumente\/Umfrage_Werbescreens.pdf\" target=\"_blank\" rel=\"noopener noreferrer\">Umfrage zu Werbeplakaten und Werbescreens (PDF).<\/a><\/p>\n","protected":false},"excerpt":{"rendered":"<p>Die Plakatgesellschaften haben zusammen mit der Stadt Z\u00fcrich beim Meinungsforschungsinstitut Demoscope eine Umfrage f\u00fcr Passantinnen und Passanten in Auftrag gegeben. Das Ziel der Umfrage ist, zu eruieren, ob die Werbescreens beim Publikum akzeptiert werden. Die Stadt hat uns den Fragebogen nicht zukommen lassen, weshalb wir ihn uns \u00fcber andere Wege beschaffen mussten. Die IG PRG meint, dass es einige problematische und suggestive Fragen gibt. Das Hauptproblem bleibt, dass eine uninformierte&hellip; <a href=\"https:\/\/www.plakat-raum-gesellschaft.ch\/index.php\/2013\/09\/27\/zurich-umfrage-zu-plakaten-und-werbebildschirmen-im-offentlichen-raum\/\" class=\"more-link\">Weiterlesen <span class=\"meta-nav\">&rarr;<\/span><\/a><\/p>\n","protected":false},"author":1,"featured_media":0,"comment_status":"closed","ping_status":"open","sticky":false,"template":"","format":"standard","meta":{"footnotes":""},"categories":[6,7,10],"tags":[],"class_list":["post-25","post","type-post","status-publish","format-standard","hentry","category-leuchtdrehsaulen","category-werbebildschirme","category-zurich"],"_links":{"self":[{"href":"https:\/\/www.plakat-raum-gesellschaft.ch\/index.php\/wp-json\/wp\/v2\/posts\/25","targetHints":{"allow":["GET"]}}],"collection":[{"href":"https:\/\/www.plakat-raum-gesellschaft.ch\/index.php\/wp-json\/wp\/v2\/posts"}],"about":[{"href":"https:\/\/www.plakat-raum-gesellschaft.ch\/index.php\/wp-json\/wp\/v2\/types\/post"}],"author":[{"embeddable":true,"href":"https:\/\/www.plakat-raum-gesellschaft.ch\/index.php\/wp-json\/wp\/v2\/users\/1"}],"replies":[{"embeddable":true,"href":"https:\/\/www.plakat-raum-gesellschaft.ch\/index.php\/wp-json\/wp\/v2\/comments?post=25"}],"version-history":[{"count":2,"href":"https:\/\/www.plakat-raum-gesellschaft.ch\/index.php\/wp-json\/wp\/v2\/posts\/25\/revisions"}],"predecessor-version":[{"id":697,"href":"https:\/\/www.plakat-raum-gesellschaft.ch\/index.php\/wp-json\/wp\/v2\/posts\/25\/revisions\/697"}],"wp:attachment":[{"href":"https:\/\/www.plakat-raum-gesellschaft.ch\/index.php\/wp-json\/wp\/v2\/media?parent=25"}],"wp:term":[{"taxonomy":"category","embeddable":true,"href":"https:\/\/www.plakat-raum-gesellschaft.ch\/index.php\/wp-json\/wp\/v2\/categories?post=25"},{"taxonomy":"post_tag","embeddable":true,"href":"https:\/\/www.plakat-raum-gesellschaft.ch\/index.php\/wp-json\/wp\/v2\/tags?post=25"}],"curies":[{"name":"wp","href":"https:\/\/api.w.org\/{rel}","templated":true}]}}