{"id":27,"date":"2013-08-31T10:29:09","date_gmt":"2013-08-31T09:29:09","guid":{"rendered":"http:\/\/www.plakat-raum-gesellschaft.ch\/web2017\/?p=27"},"modified":"2017-09-18T11:58:57","modified_gmt":"2017-09-18T10:58:57","slug":"zurich-stadt-verkauft-plakatgesellschaften-den-offentlichen-raum-und-bezahlt-dafur","status":"publish","type":"post","link":"https:\/\/www.plakat-raum-gesellschaft.ch\/index.php\/2013\/08\/31\/zurich-stadt-verkauft-plakatgesellschaften-den-offentlichen-raum-und-bezahlt-dafur\/","title":{"rendered":"Z\u00fcrich: Stadt verkauft Plakatgesellschaften den \u00f6ffentlichen Raum \u2014 und bezahlt daf\u00fcr"},"content":{"rendered":"<p><img loading=\"lazy\" decoding=\"async\" class=\"alignnone size-full wp-image-366\" src=\"https:\/\/www.plakat-raum-gesellschaft.ch\/web2017\/wp-content\/uploads\/2013\/08\/Werbebildschirm-Bellevue-2.jpg\" alt=\"\" width=\"640\" height=\"394\" srcset=\"https:\/\/www.plakat-raum-gesellschaft.ch\/wp-content\/uploads\/2013\/08\/Werbebildschirm-Bellevue-2.jpg 640w, https:\/\/www.plakat-raum-gesellschaft.ch\/wp-content\/uploads\/2013\/08\/Werbebildschirm-Bellevue-2-300x185.jpg 300w\" sizes=\"auto, (max-width: 640px) 100vw, 640px\" \/><\/p>\n<p>Die Stadt Z\u00fcrich hat am 12. August 2013 einen dreimonatigen Pilotversuch mit zwei Videobildschirmen mit Werbung gestartet \u2014 am Bellevue und am Escher-Wyss-Platz. Lesen Sie die <a href=\"http:\/\/www.stadt-zuerich.ch\/content\/hbd\/de\/index\/ueber_das_departement\/medien\/medienmitteilungen\/2013\/august\/130808a.html\" target=\"_blank\" rel=\"noopener noreferrer\">Pressemitteilung<\/a>. Anschliessend will sie ab Januar einen Pilotversuch mit f\u00fcnf Plakatdrehs\u00e4ulen starten. Beides ist begleitet von Umfragen bei der Bev\u00f6lkerung, wie die neue Werbeform ankommt. Allerdings bezahlen letztlich die Steuerzahlerinnen und Steuerzahler f\u00fcr diesen Ausverkauf des \u00f6ffentlichen Raums:<\/p>\n<p>W\u00e4hrend der Testphase mit den Videobildschirmen verdient die Stadt nichts. Ausgehend von der Sch\u00e4tzung, dass die Stadt pro Bildschirm und Jahr CHF 25 000 einnehmen kann, verzichtet sie damit auf Einnahmen von CHF 12 500. Der Werbeplatz in diesem Zeitraum wird auf einen Marktpreis (also das, was die Plakatgesellschaften daf\u00fcr verlangen k\u00f6nnen) von CHF 50 000 bis CHF 100 000 gesch\u00e4tzt.<\/p>\n<p>Die Stadt bezahlt die H\u00e4lfte der Umfragekosten von CHF 14 000. Die andere H\u00e4lfte bezahlen die Plakatgesellschaften. Die Stadt macht allerdings keine Angaben zu den Personalkosten und weiteren Kosten, die den Steuerzahlenden aus diesem Pilotversuch erwachsen. Zum jetzigen Zeitpunkt ist der Fragebogen noch nicht fertig.<\/p>\n<p>Pro Plakatdrehs\u00e4ule wird die Stadt CHF 14 000 aufwenden. Bei f\u00fcnf Drehs\u00e4ulen f\u00fcr den Testlauf sind das CHF 70 000. Es ist also unwahrscheinlich, dass diese Drehs\u00e4ulen wieder abgebaut werden, wenn sie erst einmal stehen. Obwohl diese Investitionen bewilligt sind, hat die Stadt noch keine Ahnung, wie hoch die gesch\u00e4tzten Einnahmen f\u00fcr die Stadtkasse sein werden.<\/p>\n<p>Die Stadt erhofft sich, dass dank diesen neuen Werbeformen unbefriedigende Plakatstellen abbauen kann. Allerdings weiss sie derzeit noch nicht, welche Plakatstellen und in welcher Anzahl und bis wann diese abgebaut werden sollen. Bei den Plakatstellen auf Privatgrund (rund drei Viertel der Fl\u00e4chen auf Stadtgrund), egal wie \u00abunbefriedigend\u00bb, hat die Stadt keine Handhabe und auch keinen Plan, wie sie diese in den Griff bekommen soll.<\/p>\n<p>Wenn Sie dieses Vorgehen f\u00fcr befremdend halten, empfiehlt die IG PRG, dass Sie sich an Stadtrat Andr\u00e9 Odermatt (<a href=\"mailto:andre.odermatt@zuerich.ch\">andre.odermatt@zuerich.ch<\/a>), an das <a href=\"http:\/\/www.stadt-zuerich.ch\/content\/hbd\/de\/index\/ueber_das_departement\/kontakt.html\" target=\"_blank\" rel=\"noopener noreferrer\">Hochbaudepartement<\/a> oder an <a href=\"http:\/\/www.gemeinderat-zuerich.ch\/AdressListe.aspx?mode=mitglieder\" target=\"_blank\" rel=\"noopener noreferrer\">eine Gemeinder\u00e4tin oder einen Gemeinderat<\/a>\u00a0Ihrer Wahl wenden.<\/p>\n","protected":false},"excerpt":{"rendered":"<p>Die Stadt Z\u00fcrich hat am 12. August 2013 einen dreimonatigen Pilotversuch mit zwei Videobildschirmen mit Werbung gestartet \u2014 am Bellevue und am Escher-Wyss-Platz. Lesen Sie die Pressemitteilung. Anschliessend will sie ab Januar einen Pilotversuch mit f\u00fcnf Plakatdrehs\u00e4ulen starten. Beides ist begleitet von Umfragen bei der Bev\u00f6lkerung, wie die neue Werbeform ankommt. Allerdings bezahlen letztlich die Steuerzahlerinnen und Steuerzahler f\u00fcr diesen Ausverkauf des \u00f6ffentlichen Raums: W\u00e4hrend der Testphase mit den Videobildschirmen&hellip; <a href=\"https:\/\/www.plakat-raum-gesellschaft.ch\/index.php\/2013\/08\/31\/zurich-stadt-verkauft-plakatgesellschaften-den-offentlichen-raum-und-bezahlt-dafur\/\" class=\"more-link\">Weiterlesen <span class=\"meta-nav\">&rarr;<\/span><\/a><\/p>\n","protected":false},"author":1,"featured_media":366,"comment_status":"closed","ping_status":"open","sticky":false,"template":"","format":"standard","meta":{"footnotes":""},"categories":[5,6,9,7,10],"tags":[],"class_list":["post-27","post","type-post","status-publish","format-standard","has-post-thumbnail","hentry","category-aussenwerbung","category-leuchtdrehsaulen","category-neues-von-der-ig","category-werbebildschirme","category-zurich"],"_links":{"self":[{"href":"https:\/\/www.plakat-raum-gesellschaft.ch\/index.php\/wp-json\/wp\/v2\/posts\/27","targetHints":{"allow":["GET"]}}],"collection":[{"href":"https:\/\/www.plakat-raum-gesellschaft.ch\/index.php\/wp-json\/wp\/v2\/posts"}],"about":[{"href":"https:\/\/www.plakat-raum-gesellschaft.ch\/index.php\/wp-json\/wp\/v2\/types\/post"}],"author":[{"embeddable":true,"href":"https:\/\/www.plakat-raum-gesellschaft.ch\/index.php\/wp-json\/wp\/v2\/users\/1"}],"replies":[{"embeddable":true,"href":"https:\/\/www.plakat-raum-gesellschaft.ch\/index.php\/wp-json\/wp\/v2\/comments?post=27"}],"version-history":[{"count":4,"href":"https:\/\/www.plakat-raum-gesellschaft.ch\/index.php\/wp-json\/wp\/v2\/posts\/27\/revisions"}],"predecessor-version":[{"id":698,"href":"https:\/\/www.plakat-raum-gesellschaft.ch\/index.php\/wp-json\/wp\/v2\/posts\/27\/revisions\/698"}],"wp:featuredmedia":[{"embeddable":true,"href":"https:\/\/www.plakat-raum-gesellschaft.ch\/index.php\/wp-json\/wp\/v2\/media\/366"}],"wp:attachment":[{"href":"https:\/\/www.plakat-raum-gesellschaft.ch\/index.php\/wp-json\/wp\/v2\/media?parent=27"}],"wp:term":[{"taxonomy":"category","embeddable":true,"href":"https:\/\/www.plakat-raum-gesellschaft.ch\/index.php\/wp-json\/wp\/v2\/categories?post=27"},{"taxonomy":"post_tag","embeddable":true,"href":"https:\/\/www.plakat-raum-gesellschaft.ch\/index.php\/wp-json\/wp\/v2\/tags?post=27"}],"curies":[{"name":"wp","href":"https:\/\/api.w.org\/{rel}","templated":true}]}}