{"id":29,"date":"2013-05-16T10:31:02","date_gmt":"2013-05-16T09:31:02","guid":{"rendered":"http:\/\/www.plakat-raum-gesellschaft.ch\/web2017\/?p=29"},"modified":"2017-05-24T15:35:15","modified_gmt":"2017-05-24T14:35:15","slug":"zurich-neue-werbebildschirme-entlang-verkehrsadern-geplant","status":"publish","type":"post","link":"https:\/\/www.plakat-raum-gesellschaft.ch\/index.php\/2013\/05\/16\/zurich-neue-werbebildschirme-entlang-verkehrsadern-geplant\/","title":{"rendered":"Z\u00fcrich: Neue Werbebildschirme entlang Verkehrsadern geplant"},"content":{"rendered":"<p>Wie <a title=\"Werbebildschirme in Z\u00fcrich\" href=\"http:\/\/www.20min.ch\/schweiz\/zuerich\/story\/Full-HD-Bildschirme-an-der-Strasse-29038054\" target=\"_blank\" rel=\"noopener noreferrer\">20 Minuten berichtete<\/a>, pr\u00fcft die Stadt Z\u00fcrich derzeit die Bewilligung von sieben digitalen Werbebildschirmen entlang wichtiger Verkehrsadern. Wenn Z\u00fcrich dies bewilligt, will die Plakatgesellschaft APG|SGA dies auch in anderen St\u00e4dten einf\u00fchren. Die IG PRG empfiehlt Protestschreiben an Stadtrat Andr\u00e9 Odermatt (<a href=\"mailto:andre.odermatt@zuerich.ch\">andre.odermatt@zuerich.ch<\/a>), um dies zu verhindern. Sind die Bildschirme einmal installiert, werden weitere folgen. Der \u00f6ffentliche Raum soll der \u00d6ffentlichkeit dienen und von ihr in Anspruch genommen werden. Er ist nicht dazu da, j\u00e4hrlich viele Millionen in die Kassen von globalen Mega-Unternehmen wie APG|SGA (bzw. das Mutterhaus JCDecaux) und Clear Channel zu sp\u00fclen.<\/p>\n","protected":false},"excerpt":{"rendered":"<p>Wie 20 Minuten berichtete, pr\u00fcft die Stadt Z\u00fcrich derzeit die Bewilligung von sieben digitalen Werbebildschirmen entlang wichtiger Verkehrsadern. Wenn Z\u00fcrich dies bewilligt, will die Plakatgesellschaft APG|SGA dies auch in anderen St\u00e4dten einf\u00fchren. Die IG PRG empfiehlt Protestschreiben an Stadtrat Andr\u00e9 Odermatt (andre.odermatt@zuerich.ch), um dies zu verhindern. Sind die Bildschirme einmal installiert, werden weitere folgen. Der \u00f6ffentliche Raum soll der \u00d6ffentlichkeit dienen und von ihr in Anspruch genommen werden. Er ist&hellip; <a href=\"https:\/\/www.plakat-raum-gesellschaft.ch\/index.php\/2013\/05\/16\/zurich-neue-werbebildschirme-entlang-verkehrsadern-geplant\/\" class=\"more-link\">Weiterlesen <span class=\"meta-nav\">&rarr;<\/span><\/a><\/p>\n","protected":false},"author":1,"featured_media":0,"comment_status":"closed","ping_status":"open","sticky":false,"template":"","format":"standard","meta":{"footnotes":""},"categories":[14,15,7,10],"tags":[],"class_list":["post-29","post","type-post","status-publish","format-standard","hentry","category-apg","category-clear-channel","category-werbebildschirme","category-zurich"],"_links":{"self":[{"href":"https:\/\/www.plakat-raum-gesellschaft.ch\/index.php\/wp-json\/wp\/v2\/posts\/29","targetHints":{"allow":["GET"]}}],"collection":[{"href":"https:\/\/www.plakat-raum-gesellschaft.ch\/index.php\/wp-json\/wp\/v2\/posts"}],"about":[{"href":"https:\/\/www.plakat-raum-gesellschaft.ch\/index.php\/wp-json\/wp\/v2\/types\/post"}],"author":[{"embeddable":true,"href":"https:\/\/www.plakat-raum-gesellschaft.ch\/index.php\/wp-json\/wp\/v2\/users\/1"}],"replies":[{"embeddable":true,"href":"https:\/\/www.plakat-raum-gesellschaft.ch\/index.php\/wp-json\/wp\/v2\/comments?post=29"}],"version-history":[{"count":2,"href":"https:\/\/www.plakat-raum-gesellschaft.ch\/index.php\/wp-json\/wp\/v2\/posts\/29\/revisions"}],"predecessor-version":[{"id":121,"href":"https:\/\/www.plakat-raum-gesellschaft.ch\/index.php\/wp-json\/wp\/v2\/posts\/29\/revisions\/121"}],"wp:attachment":[{"href":"https:\/\/www.plakat-raum-gesellschaft.ch\/index.php\/wp-json\/wp\/v2\/media?parent=29"}],"wp:term":[{"taxonomy":"category","embeddable":true,"href":"https:\/\/www.plakat-raum-gesellschaft.ch\/index.php\/wp-json\/wp\/v2\/categories?post=29"},{"taxonomy":"post_tag","embeddable":true,"href":"https:\/\/www.plakat-raum-gesellschaft.ch\/index.php\/wp-json\/wp\/v2\/tags?post=29"}],"curies":[{"name":"wp","href":"https:\/\/api.w.org\/{rel}","templated":true}]}}