{"id":31,"date":"2012-04-26T10:32:04","date_gmt":"2012-04-26T09:32:04","guid":{"rendered":"http:\/\/www.plakat-raum-gesellschaft.ch\/web2017\/?p=31"},"modified":"2017-09-18T12:01:30","modified_gmt":"2017-09-18T11:01:30","slug":"kusnacht-widerstand-gegen-zupflasterung-des-dorfkerns-durch-clear-channel","status":"publish","type":"post","link":"https:\/\/www.plakat-raum-gesellschaft.ch\/index.php\/2012\/04\/26\/kusnacht-widerstand-gegen-zupflasterung-des-dorfkerns-durch-clear-channel\/","title":{"rendered":"K\u00fcsnacht: Widerstand gegen Zupflasterung des Dorfkerns durch Clear Channel"},"content":{"rendered":"<p>In K\u00fcsnacht sind zehn Baugesuche f\u00fcr neue Plakatstellen eingegangen. Nun formiert sich Widerstand. Die Gemeinde K\u00fcsnacht soll pro Plakatstelle 2000 Franken pro Jahr erhalten, was rund ein Sechstel dessen ist, was Gesuchstellerin Clear Channel mit Sitz im Steuerparadies H\u00fcnenberg ihren Kunden weiterverrechnen k\u00f6nnte. Weshalb die wohlhabende Goldk\u00fcstengemeinde diesen Schritt \u00fcberhaupt in Erw\u00e4gung zieht und damit das Ortsbild beeintr\u00e4chtigen will, ist f\u00fcr viele B\u00fcrgerinnen und B\u00fcrger nicht nachvollziehbar.<\/p>\n<p>Fakt ist: Der zust\u00e4ndige Gemeinderat Martin Schneider (SVP) besitzt eine Druckerei, die auch Plakate im Weltformat druckt, und Beat Sulzer, Gesch\u00e4ftsleitungsmitglied und Sales Director von Clear Channel, hat seinen Wohnsitz in K\u00fcsnacht.<\/p>\n<p>Die IG PRG m\u00f6chte den K\u00fcsnachterinnen und K\u00fcsnachtern Mut machen, nicht lockerzulassen. Weitere Werbeplakate sind unn\u00f6tig und schmerzen das Auge.<\/p>\n<p>Lesen Sie zu diesem Thema auch den <a title=\"Zum ZSZ-Artikel \" href=\"https:\/\/www.plakat-raum-gesellschaft.ch\/medienspiegel\/zsz-120425.pdf\" target=\"_blank\" rel=\"noopener noreferrer\">Artikel in der Z\u00fcrichsee-Zeitung<\/a> vom 25. April 2012.<\/p>\n","protected":false},"excerpt":{"rendered":"<p>In K\u00fcsnacht sind zehn Baugesuche f\u00fcr neue Plakatstellen eingegangen. Nun formiert sich Widerstand. Die Gemeinde K\u00fcsnacht soll pro Plakatstelle 2000 Franken pro Jahr erhalten, was rund ein Sechstel dessen ist, was Gesuchstellerin Clear Channel mit Sitz im Steuerparadies H\u00fcnenberg ihren Kunden weiterverrechnen k\u00f6nnte. Weshalb die wohlhabende Goldk\u00fcstengemeinde diesen Schritt \u00fcberhaupt in Erw\u00e4gung zieht und damit das Ortsbild beeintr\u00e4chtigen will, ist f\u00fcr viele B\u00fcrgerinnen und B\u00fcrger nicht nachvollziehbar. Fakt ist: Der&hellip; <a href=\"https:\/\/www.plakat-raum-gesellschaft.ch\/index.php\/2012\/04\/26\/kusnacht-widerstand-gegen-zupflasterung-des-dorfkerns-durch-clear-channel\/\" class=\"more-link\">Weiterlesen <span class=\"meta-nav\">&rarr;<\/span><\/a><\/p>\n","protected":false},"author":1,"featured_media":0,"comment_status":"closed","ping_status":"open","sticky":false,"template":"","format":"standard","meta":{"footnotes":""},"categories":[5,15,3],"tags":[],"class_list":["post-31","post","type-post","status-publish","format-standard","hentry","category-aussenwerbung","category-clear-channel","category-werbung"],"_links":{"self":[{"href":"https:\/\/www.plakat-raum-gesellschaft.ch\/index.php\/wp-json\/wp\/v2\/posts\/31","targetHints":{"allow":["GET"]}}],"collection":[{"href":"https:\/\/www.plakat-raum-gesellschaft.ch\/index.php\/wp-json\/wp\/v2\/posts"}],"about":[{"href":"https:\/\/www.plakat-raum-gesellschaft.ch\/index.php\/wp-json\/wp\/v2\/types\/post"}],"author":[{"embeddable":true,"href":"https:\/\/www.plakat-raum-gesellschaft.ch\/index.php\/wp-json\/wp\/v2\/users\/1"}],"replies":[{"embeddable":true,"href":"https:\/\/www.plakat-raum-gesellschaft.ch\/index.php\/wp-json\/wp\/v2\/comments?post=31"}],"version-history":[{"count":2,"href":"https:\/\/www.plakat-raum-gesellschaft.ch\/index.php\/wp-json\/wp\/v2\/posts\/31\/revisions"}],"predecessor-version":[{"id":699,"href":"https:\/\/www.plakat-raum-gesellschaft.ch\/index.php\/wp-json\/wp\/v2\/posts\/31\/revisions\/699"}],"wp:attachment":[{"href":"https:\/\/www.plakat-raum-gesellschaft.ch\/index.php\/wp-json\/wp\/v2\/media?parent=31"}],"wp:term":[{"taxonomy":"category","embeddable":true,"href":"https:\/\/www.plakat-raum-gesellschaft.ch\/index.php\/wp-json\/wp\/v2\/categories?post=31"},{"taxonomy":"post_tag","embeddable":true,"href":"https:\/\/www.plakat-raum-gesellschaft.ch\/index.php\/wp-json\/wp\/v2\/tags?post=31"}],"curies":[{"name":"wp","href":"https:\/\/api.w.org\/{rel}","templated":true}]}}