{"id":7,"date":"2016-12-17T10:00:37","date_gmt":"2016-12-17T09:00:37","guid":{"rendered":"http:\/\/www.plakat-raum-gesellschaft.ch\/web2017\/?p=7"},"modified":"2017-09-18T11:54:23","modified_gmt":"2017-09-18T10:54:23","slug":"frohe-festtage-ig-prg-schenkt-entscheidungstragern-buch-uber-werbung","status":"publish","type":"post","link":"https:\/\/www.plakat-raum-gesellschaft.ch\/index.php\/2016\/12\/17\/frohe-festtage-ig-prg-schenkt-entscheidungstragern-buch-uber-werbung\/","title":{"rendered":"Frohe Festtage!<br\/>IG PRG schenkt Entscheidungstr\u00e4gern Buch \u00fcber Werbung"},"content":{"rendered":"<p><img loading=\"lazy\" decoding=\"async\" class=\"alignnone wp-image-10 size-full\" src=\"https:\/\/www.plakat-raum-gesellschaft.ch\/web2017\/wp-content\/uploads\/2016\/12\/Werbung-nein-danke-X-mas.jpg\" alt=\"Werbung - nein danke!\" width=\"800\" height=\"577\" srcset=\"https:\/\/www.plakat-raum-gesellschaft.ch\/wp-content\/uploads\/2016\/12\/Werbung-nein-danke-X-mas.jpg 800w, https:\/\/www.plakat-raum-gesellschaft.ch\/wp-content\/uploads\/2016\/12\/Werbung-nein-danke-X-mas-300x216.jpg 300w, https:\/\/www.plakat-raum-gesellschaft.ch\/wp-content\/uploads\/2016\/12\/Werbung-nein-danke-X-mas-768x554.jpg 768w\" sizes=\"auto, (max-width: 800px) 100vw, 800px\" \/><\/p>\n<p>Das Gesch\u00e4ft mit der Werbung ist auch heute noch von vielen unhinterfragten Meinungen gepr\u00e4gt. In seinem k\u00fcrzlich erschienen Buch <a title=\"Zum Europa Verlag\" href=\"http:\/\/www.europa-verlag.com\/buecher\/werbung-nein-danke\/\" target=\"_blank\" rel=\"noopener noreferrer\"><em>Werbung \u2014 nein danke: Warum wir ohne Werbung viel besser leben k\u00f6nnten<\/em><\/a> (Europa Verlag, 2016) unterzieht der deutsche Volkswirtschaftler und fr\u00fchere Investmentbanker Prof. Dr. Christian Kreiss die Werbung einer kritischen Pr\u00fcfung. Sein Fazit: Aus sozialer, \u00f6kologischer und wirtschaftlicher Sicht k\u00f6nnte die Gesellschaft weitgehend auf alle kommerzielle Werbung verzichten, ohne dass dies einen negativen Einfl\u00fcsse auf die Volkswirtschaft, das verf\u00fcgbare Haushaltseinkommen oder die Meinungsbildung von Konsumentinnen und B\u00fcrgern h\u00e4tte. Im Gegenteil.<\/p>\n<p>Mit diesem unbequemen Buch hat Christian Kreiss ein Standardwerk zum Thema Werbung vorgelegt. Von seinen \u00dcberlegungen k\u00f6nnen auch die Schweizer Wirtschaft und Politik profitieren, nicht zuletzt um die Diskussion um Aussenwerbung auf eine objektive Grundlage zu stellen.<\/p>\n<p>Die IG Plakat | Raum | Gesellschaft, die seit \u00fcber zehn Jahren daran arbeitet, eine solide Informationsgrundlage zum Thema zu schaffen, schenkt das Buch deshalb ausgew\u00e4hlten Verantwortlichen in der Politik, der Verwaltung und den Verkehrsbetrieben: Stadtrat Andr\u00e9 Odermatt, Bernard Liechti und Pascal Hunkeler vom Z\u00fcrcher Hochbaudepartement; Andreas Meyer und J\u00fcrg St\u00f6cklin bei den SBB resp. SBB Immobilien; Alija Idriz und Daniel Andres bei der VBZ TrafficMedia; sowie den Fraktionsvorsitzenden ausgew\u00e4hlter Parteien im Z\u00fcrcher Gemeinderat.<\/p>\n<p>Der vielleicht fromme Wunsch f\u00fcr das neue Jahr ist, dass der \u00f6ffentliche Raum im Interessen der Bev\u00f6lkerung entr\u00fcmpelt werden kann. Denn letzten Endes profitieren nur die Plakatgesellschaften von Aussenwerbung. Und das, meinen wir, ist etwas gar wenig.<\/p>\n","protected":false},"excerpt":{"rendered":"<p>Das Gesch\u00e4ft mit der Werbung ist auch heute noch von vielen unhinterfragten Meinungen gepr\u00e4gt. In seinem k\u00fcrzlich erschienen Buch Werbung \u2014 nein danke: Warum wir ohne Werbung viel besser leben k\u00f6nnten (Europa Verlag, 2016) unterzieht der deutsche Volkswirtschaftler und fr\u00fchere Investmentbanker Prof. Dr. Christian Kreiss die Werbung einer kritischen Pr\u00fcfung. Sein Fazit: Aus sozialer, \u00f6kologischer und wirtschaftlicher Sicht k\u00f6nnte die Gesellschaft weitgehend auf alle kommerzielle Werbung verzichten, ohne dass dies&hellip; <a href=\"https:\/\/www.plakat-raum-gesellschaft.ch\/index.php\/2016\/12\/17\/frohe-festtage-ig-prg-schenkt-entscheidungstragern-buch-uber-werbung\/\" class=\"more-link\">Weiterlesen <span class=\"meta-nav\">&rarr;<\/span><\/a><\/p>\n","protected":false},"author":1,"featured_media":15,"comment_status":"closed","ping_status":"open","sticky":false,"template":"","format":"standard","meta":{"footnotes":""},"categories":[5,9,12,3],"tags":[],"class_list":["post-7","post","type-post","status-publish","format-standard","has-post-thumbnail","hentry","category-aussenwerbung","category-neues-von-der-ig","category-werbefrei","category-werbung"],"_links":{"self":[{"href":"https:\/\/www.plakat-raum-gesellschaft.ch\/index.php\/wp-json\/wp\/v2\/posts\/7","targetHints":{"allow":["GET"]}}],"collection":[{"href":"https:\/\/www.plakat-raum-gesellschaft.ch\/index.php\/wp-json\/wp\/v2\/posts"}],"about":[{"href":"https:\/\/www.plakat-raum-gesellschaft.ch\/index.php\/wp-json\/wp\/v2\/types\/post"}],"author":[{"embeddable":true,"href":"https:\/\/www.plakat-raum-gesellschaft.ch\/index.php\/wp-json\/wp\/v2\/users\/1"}],"replies":[{"embeddable":true,"href":"https:\/\/www.plakat-raum-gesellschaft.ch\/index.php\/wp-json\/wp\/v2\/comments?post=7"}],"version-history":[{"count":9,"href":"https:\/\/www.plakat-raum-gesellschaft.ch\/index.php\/wp-json\/wp\/v2\/posts\/7\/revisions"}],"predecessor-version":[{"id":696,"href":"https:\/\/www.plakat-raum-gesellschaft.ch\/index.php\/wp-json\/wp\/v2\/posts\/7\/revisions\/696"}],"wp:featuredmedia":[{"embeddable":true,"href":"https:\/\/www.plakat-raum-gesellschaft.ch\/index.php\/wp-json\/wp\/v2\/media\/15"}],"wp:attachment":[{"href":"https:\/\/www.plakat-raum-gesellschaft.ch\/index.php\/wp-json\/wp\/v2\/media?parent=7"}],"wp:term":[{"taxonomy":"category","embeddable":true,"href":"https:\/\/www.plakat-raum-gesellschaft.ch\/index.php\/wp-json\/wp\/v2\/categories?post=7"},{"taxonomy":"post_tag","embeddable":true,"href":"https:\/\/www.plakat-raum-gesellschaft.ch\/index.php\/wp-json\/wp\/v2\/tags?post=7"}],"curies":[{"name":"wp","href":"https:\/\/api.w.org\/{rel}","templated":true}]}}