{"id":721,"date":"2017-09-03T15:27:04","date_gmt":"2017-09-03T14:27:04","guid":{"rendered":"http:\/\/www.plakat-raum-gesellschaft.ch\/?p=721"},"modified":"2017-09-21T16:34:40","modified_gmt":"2017-09-21T15:34:40","slug":"genf-initiative-gegen-plakatwerbung-gestartet","status":"publish","type":"post","link":"https:\/\/www.plakat-raum-gesellschaft.ch\/index.php\/2017\/09\/03\/genf-initiative-gegen-plakatwerbung-gestartet\/","title":{"rendered":"Genf: Initiative gegen Plakatwerbung gestartet"},"content":{"rendered":"<p><strong>Grossartige Nachrichten aus der Romandie: Wie verschiedene Medien k\u00fcrzlich berichteten, hat eine Gruppe von Genferinnen und Genfern eine st\u00e4dtische Volksinitiative gegen die Aussenwerbung auf \u00f6ffentlichem Grund lanciert. Bis am 7. November haben sie Zeit, 4000 Unterschriften zu sammeln.<\/strong><\/p>\n<p>Aufgrund eines Rechtsstreits blieben in Genf im Januar rund 3000 Plakatfl\u00e4chen weiss. Diese wurden von B\u00fcrgerinnen und B\u00fcrgern genutzt, um den \u00f6ffentlichen Raum mit viel Fantasie und Kreativit\u00e4t mitzugestalten. Leider wurde der Rechtsstreit beigelegt, und so konnte die Monokultur der kommerziellen Werbeplakate die Stadt zur\u00fcckerobern. Einer Gruppe von Menschen aus vier Genfer Vereinen passt dies nicht, und sie haben begonnen, Unterschriften f\u00fcr eine st\u00e4dtische Volksinitiative zu sammeln. Diese will, dass die 470 Plakatfl\u00e4chen auf \u00f6ffentlichem Grund f\u00fcr kulturelle, k\u00fcnstlerische und staatsb\u00fcrgerliche Inhalte reserviert bleiben.<\/p>\n<p>Bereits 2009 hielt ein <a href=\"https:\/\/www.plakat-raum-gesellschaft.ch\/index.php\/2009\/11\/03\/apg-und-ccop-verwirken-ihr-gastrecht-in-genf\/\" target=\"_blank\" rel=\"noopener\">Rechtsstreit zwischen den Marktf\u00fchrern APG|SGA und Clear Channel<\/a> das Genfer Stadtparlament auf Trab. Das Genfer Baudepartement beantragte deshalb, ab 2011 auf Werbeplakate auf \u00f6ffentlichem Grund zu verzichten. Dies ist jedoch nicht zustandegekommen.<\/p>\n<p>Eine Volksinitiative wie die im Juli lancierte w\u00e4re einzigartig in der Schweiz. Dass es auch ohne kommerzielle Plakatwerbung geht oder dass man sie massiv abbauen kann, ohne dass die Wirtschaft ins Chaos st\u00fcrzt, wurde im Ausland verschiedentlich bewiesen. Grenoble oder <a href=\"https:\/\/www.plakat-raum-gesellschaft.ch\/index.php\/2010\/05\/13\/blog-werbefreies-sao-paulo-die-wirtschaftsfeindlichste-metropole-der-welt\/\" target=\"_blank\" rel=\"noopener\">S\u00e3o Paulo<\/a> sind nur zwei Beispiele. Doch solche direktdemokratischen Interventionen sind den Plakatgesellschaften ein Dorn im Auge. Sollte die Volksinitiative zustandekommen, werden sie ihre Propagandamaschine anwerfen und alle Strippen ziehen, um den Volkswillen zu beeinflussen. Selbst wenn die Mehrheit der B\u00fcrgerinnen und B\u00fcrger sich an der Urne f\u00fcr die Initiative begeistern k\u00f6nnte, hat die Vergangenheit gezeigt, dass ein Gang vors Bundesgericht kaum ausbleiben wird.<\/p>\n<p><strong>Aber wir harren und hoffen. Die IG PRG gratuliert den Initiantinnen und Initianten einstweilen zu ihrem Mut und w\u00fcnscht ihnen viel Durchhaltewillen und Erfolg!<\/strong><\/p>\n<p>F\u00fcr mehr Hintergrundinformationen und tolle Fotos, empfehlen wir den Artikel auf <a href=\"https:\/\/www.swissinfo.ch\/ger\/direktedemokratie\/-geneva-z\u00e9ro-pub-_initiative-gegen-plakatwerbung-in-genf\/43474376\" target=\"_blank\" rel=\"noopener\">www.swissinfo.ch<\/a>.<\/p>\n","protected":false},"excerpt":{"rendered":"<p>Grossartige Nachrichten aus der Romandie: Wie verschiedene Medien k\u00fcrzlich berichteten, hat eine Gruppe von Genferinnen und Genfern eine st\u00e4dtische Volksinitiative gegen die Aussenwerbung auf \u00f6ffentlichem Grund lanciert. Bis am 7. November haben sie Zeit, 4000 Unterschriften zu sammeln. Aufgrund eines Rechtsstreits blieben in Genf im Januar rund 3000 Plakatfl\u00e4chen weiss. Diese wurden von B\u00fcrgerinnen und B\u00fcrgern genutzt, um den \u00f6ffentlichen Raum mit viel Fantasie und Kreativit\u00e4t mitzugestalten. Leider wurde der&hellip; <a href=\"https:\/\/www.plakat-raum-gesellschaft.ch\/index.php\/2017\/09\/03\/genf-initiative-gegen-plakatwerbung-gestartet\/\" class=\"more-link\">Weiterlesen <span class=\"meta-nav\">&rarr;<\/span><\/a><\/p>\n","protected":false},"author":1,"featured_media":0,"comment_status":"closed","ping_status":"open","sticky":false,"template":"","format":"standard","meta":{"footnotes":""},"categories":[14,5,15,13,12],"tags":[],"class_list":["post-721","post","type-post","status-publish","format-standard","hentry","category-apg","category-aussenwerbung","category-clear-channel","category-schweiz","category-werbefrei"],"_links":{"self":[{"href":"https:\/\/www.plakat-raum-gesellschaft.ch\/index.php\/wp-json\/wp\/v2\/posts\/721","targetHints":{"allow":["GET"]}}],"collection":[{"href":"https:\/\/www.plakat-raum-gesellschaft.ch\/index.php\/wp-json\/wp\/v2\/posts"}],"about":[{"href":"https:\/\/www.plakat-raum-gesellschaft.ch\/index.php\/wp-json\/wp\/v2\/types\/post"}],"author":[{"embeddable":true,"href":"https:\/\/www.plakat-raum-gesellschaft.ch\/index.php\/wp-json\/wp\/v2\/users\/1"}],"replies":[{"embeddable":true,"href":"https:\/\/www.plakat-raum-gesellschaft.ch\/index.php\/wp-json\/wp\/v2\/comments?post=721"}],"version-history":[{"count":2,"href":"https:\/\/www.plakat-raum-gesellschaft.ch\/index.php\/wp-json\/wp\/v2\/posts\/721\/revisions"}],"predecessor-version":[{"id":726,"href":"https:\/\/www.plakat-raum-gesellschaft.ch\/index.php\/wp-json\/wp\/v2\/posts\/721\/revisions\/726"}],"wp:attachment":[{"href":"https:\/\/www.plakat-raum-gesellschaft.ch\/index.php\/wp-json\/wp\/v2\/media?parent=721"}],"wp:term":[{"taxonomy":"category","embeddable":true,"href":"https:\/\/www.plakat-raum-gesellschaft.ch\/index.php\/wp-json\/wp\/v2\/categories?post=721"},{"taxonomy":"post_tag","embeddable":true,"href":"https:\/\/www.plakat-raum-gesellschaft.ch\/index.php\/wp-json\/wp\/v2\/tags?post=721"}],"curies":[{"name":"wp","href":"https:\/\/api.w.org\/{rel}","templated":true}]}}