{"id":728,"date":"2018-02-11T16:49:59","date_gmt":"2018-02-11T15:49:59","guid":{"rendered":"http:\/\/www.plakat-raum-gesellschaft.ch\/?p=728"},"modified":"2018-02-11T16:49:59","modified_gmt":"2018-02-11T15:49:59","slug":"wahlempfehlung-fur-ein-werbefreies-zurich-grune-und-al","status":"publish","type":"post","link":"https:\/\/www.plakat-raum-gesellschaft.ch\/index.php\/2018\/02\/11\/wahlempfehlung-fur-ein-werbefreies-zurich-grune-und-al\/","title":{"rendered":"Wahlempfehlung f\u00fcr ein werbefreies Z\u00fcrich: Gr\u00fcne und AL"},"content":{"rendered":"<div>Die Wahlzettel f\u00fcr die kommenden Z\u00fcrcher Gemeinde- und Stadtratswahlen sind eingetroffen. Aus Sicht eines werbefreien \u00f6ffentlichen Raums <b>kann die IG PRG einzig die Gr\u00fcne und die Alternative Liste (AL) zur Wahl empfehlen.\u00a0<\/b>Besonders empfehlen m\u00f6chten wir\u00a0Matthias Probst (Gr\u00fcne, Kreis 9).\u00a0Er war f\u00fcr uns immer ein zuverl\u00e4ssiger Ansprechpartner im Gemeinderat und hat sich oft f\u00fcr unser Anliegen eingesetzt.<\/div>\n<div><\/div>\n<div>Der Hintergrund unserer Wahlempfehlung: 2015 hat Andreas Kirstein von der AL-Fraktion beim Gemeinderat ein Postulat mit folgendem Begehren eingereicht:<\/div>\n<div><\/div>\n<div><i>Der Stadtrat wird aufgefordert zu pr\u00fcfen, wie die Stadt Z\u00fcrich die Werbung auf \u00f6ffentlichem Grund sowie auf st\u00e4dtischen Grundst\u00fccken in Zukunft deutlich reduzieren kann bzw. auf diese verzichten kann. Ausgenommen bleiben kleinere Werbefl\u00e4chen zur Ank\u00fcndigung kultureller und sozialer Veranstaltungen sowie zur politischen Werbung.<\/i><\/div>\n<div><\/div>\n<div>An der Gemeinderatssitzung hat Stadtrat Andr\u00e9 Odermatt (SP) sich f\u00fcr die Vermarktung von kommerziellen Werbefl\u00e4chen starkgemacht &#8211; mit Argumenten, die faktisch falsch und von uns l\u00e4ngst widerlegt waren. Bei der folgenden Abstimmung haben sich mit Ausnahme der Gr\u00fcnen und der AL s\u00e4mtliche Parteien daf\u00fcr ausgesprochen, <i>nicht einmal zu pr\u00fcfen,<\/i> wie man die Werbung reduzieren kann. Unter Stadtrat Andr\u00e9 Odermatt wurde zudem ein Tabu gebrochen, an das sich nicht einmal seine FDP-Vorg\u00e4ngerin Kathrin Martelli gewagt hat, n\u00e4mlich die Einf\u00fchrung von Werbebildschirmen im \u00f6ffentlichen Raum. Kommt hinzu, dass er die Leuchtdrehs\u00e4ulen im \u00f6ffentlichen Raum massiv ausgebaut hat. Auf die Petition, die wir im gleichen Jahr eingereicht haben (siehe <a href=\"mailbox:\/\/\/D:\/Mails\/ab%2014.10.17\/Inbox?number=1009\">hier<\/a>), ging Andr\u00e9 Odermatt kaum ein. Aus genannten Gr\u00fcnden kommt es f\u00fcr den Vorstand der IG PRG nicht in Frage, Andr\u00e9 Odermatt wieder in den Stadtrat zu w\u00e4hlen.<\/div>\n<div><\/div>\n<div>Folgende Parteien, die damals nicht im Gemeinderat vertreten waren, stellen sich diesmal zur Wahl: Partei der Arbeit (PdA), Eidg.-Demokr. Volkspartei (EDU), sowie EVP\/BDP. Wir k\u00f6nnen nicht einsch\u00e4tzen, wie diese Parteien sich zur Frage von Aussenwerbung im \u00f6ffentlichen Raum stellen.<\/div>\n<div><\/div>\n","protected":false},"excerpt":{"rendered":"<p>Die Wahlzettel f\u00fcr die kommenden Z\u00fcrcher Gemeinde- und Stadtratswahlen sind eingetroffen. Aus Sicht eines werbefreien \u00f6ffentlichen Raums kann die IG PRG einzig die Gr\u00fcne und die Alternative Liste (AL) zur Wahl empfehlen.\u00a0Besonders empfehlen m\u00f6chten wir\u00a0Matthias Probst (Gr\u00fcne, Kreis 9).\u00a0Er war f\u00fcr uns immer ein zuverl\u00e4ssiger Ansprechpartner im Gemeinderat und hat sich oft f\u00fcr unser Anliegen eingesetzt. Der Hintergrund unserer Wahlempfehlung: 2015 hat Andreas Kirstein von der AL-Fraktion beim Gemeinderat ein&hellip; <a href=\"https:\/\/www.plakat-raum-gesellschaft.ch\/index.php\/2018\/02\/11\/wahlempfehlung-fur-ein-werbefreies-zurich-grune-und-al\/\" class=\"more-link\">Weiterlesen <span class=\"meta-nav\">&rarr;<\/span><\/a><\/p>\n","protected":false},"author":1,"featured_media":0,"comment_status":"closed","ping_status":"open","sticky":false,"template":"","format":"standard","meta":{"footnotes":""},"categories":[6,7,12,10],"tags":[],"class_list":["post-728","post","type-post","status-publish","format-standard","hentry","category-leuchtdrehsaulen","category-werbebildschirme","category-werbefrei","category-zurich"],"_links":{"self":[{"href":"https:\/\/www.plakat-raum-gesellschaft.ch\/index.php\/wp-json\/wp\/v2\/posts\/728","targetHints":{"allow":["GET"]}}],"collection":[{"href":"https:\/\/www.plakat-raum-gesellschaft.ch\/index.php\/wp-json\/wp\/v2\/posts"}],"about":[{"href":"https:\/\/www.plakat-raum-gesellschaft.ch\/index.php\/wp-json\/wp\/v2\/types\/post"}],"author":[{"embeddable":true,"href":"https:\/\/www.plakat-raum-gesellschaft.ch\/index.php\/wp-json\/wp\/v2\/users\/1"}],"replies":[{"embeddable":true,"href":"https:\/\/www.plakat-raum-gesellschaft.ch\/index.php\/wp-json\/wp\/v2\/comments?post=728"}],"version-history":[{"count":1,"href":"https:\/\/www.plakat-raum-gesellschaft.ch\/index.php\/wp-json\/wp\/v2\/posts\/728\/revisions"}],"predecessor-version":[{"id":729,"href":"https:\/\/www.plakat-raum-gesellschaft.ch\/index.php\/wp-json\/wp\/v2\/posts\/728\/revisions\/729"}],"wp:attachment":[{"href":"https:\/\/www.plakat-raum-gesellschaft.ch\/index.php\/wp-json\/wp\/v2\/media?parent=728"}],"wp:term":[{"taxonomy":"category","embeddable":true,"href":"https:\/\/www.plakat-raum-gesellschaft.ch\/index.php\/wp-json\/wp\/v2\/categories?post=728"},{"taxonomy":"post_tag","embeddable":true,"href":"https:\/\/www.plakat-raum-gesellschaft.ch\/index.php\/wp-json\/wp\/v2\/tags?post=728"}],"curies":[{"name":"wp","href":"https:\/\/api.w.org\/{rel}","templated":true}]}}