{"id":820,"date":"2019-11-13T10:22:55","date_gmt":"2019-11-13T09:22:55","guid":{"rendered":"http:\/\/www.plakat-raum-gesellschaft.ch\/?p=820"},"modified":"2019-11-13T15:06:35","modified_gmt":"2019-11-13T14:06:35","slug":"ig-prg-fordert-stadtrat-auf-auf-werbebildschirme-zu-verzichten","status":"publish","type":"post","link":"https:\/\/www.plakat-raum-gesellschaft.ch\/index.php\/2019\/11\/13\/ig-prg-fordert-stadtrat-auf-auf-werbebildschirme-zu-verzichten\/","title":{"rendered":"IG PRG fordert Stadtrat auf, auf Werbebildschirme zu verzichten"},"content":{"rendered":"<p><strong><a href=\"https:\/\/www.plakat-raum-gesellschaft.ch\/wp-content\/uploads\/2019\/11\/Werbescreen-vor-HB.jpg\"><img loading=\"lazy\" decoding=\"async\" class=\"alignleft size-full wp-image-822\" src=\"https:\/\/www.plakat-raum-gesellschaft.ch\/wp-content\/uploads\/2019\/11\/Werbescreen-vor-HB.jpg\" alt=\"Werbebildschirm vor dem Z\u00fcrcher Hauptbahnhof\" width=\"640\" height=\"250\" srcset=\"https:\/\/www.plakat-raum-gesellschaft.ch\/wp-content\/uploads\/2019\/11\/Werbescreen-vor-HB.jpg 640w, https:\/\/www.plakat-raum-gesellschaft.ch\/wp-content\/uploads\/2019\/11\/Werbescreen-vor-HB-300x117.jpg 300w\" sizes=\"auto, (max-width: 640px) 100vw, 640px\" \/><\/a><\/strong><\/p>\n<p><strong>Das Hochbaudepartement hat zw\u00f6lf neue Werbebildschirme ausgeschrieben. Diese verbrauchen viel Strom und sind in der Bev\u00f6lkerung notorisch unbeliebt. Die IG PRG fordert Stadtrat Andr\u00e9 Odermatt und Bernard Liechti vom Amt f\u00fcr St\u00e4dtebau deshalb in einem Brief auf, auf eine Vertragsunterzeichnung zu verzichten.<\/strong><\/p>\n<p>Stadtrat Andr\u00e9 Odermatt hat 2015 entschieden hat, ein Tabu zu brechen und einen\u00a0\u00abTestlauf\u00bb mit zehn Werbebildschirmen im \u00f6ffentlichen Raum durchzuf\u00fchren. Die gemischten bis negativen Resultate des Testlaufs wurden als so positiv interpretiert, dass die Anzahl Werbebildschirme seither stetig zunahm. Zw\u00f6lf neue sollen nach Willen des Hochbaudepartements f\u00fcr eine Laufzeit von acht Jahren bewilligt werden.<\/p>\n<p>Doch es gibt viele Hinweise darauf, dass weit \u00fcber die H\u00e4lfte der Bev\u00f6lkerung diese Werbebildschirme nicht will und dass nur ein kleiner Teil sie bef\u00fcrwortet.\u00a0Zudem ist es zynisch, von den B\u00fcrgerinnen und B\u00fcrgern zu erwarten, dass sie sich \u00f6kologisch verhalten, w\u00e4hrend die Stadt stromfressende Werbetr\u00e4ger f\u00fcr \u00f6kologisch oft fragw\u00fcrdige Produkte und Dienstleistungen der Marktf\u00fchrer in ihrem jeweiligen Segment bereitstellen.<\/p>\n<p>Unserer Meinung nach kann und muss Z\u00fcrich zugunsten des Stadtbildes und der Glaubw\u00fcrdigkeit der 2000-Watt-Strategie auf die Einnahmen durch Werbebildschirme und Werbeplakate verzichten. Aus diesem Grund hat die IG PRG\u00a0Stadtrat Andr\u00e9 Odermatt und Bernard Liechti vom Amt f\u00fcr St\u00e4dtebau, Reklameanlagen, einen <a href=\"https:\/\/www.plakat-raum-gesellschaft.ch\/wp-content\/uploads\/2019\/11\/Brief-an-Andr\u00e9-Odermatt-November-2019.pdf\">Brief<\/a> geschickt. Darin fordern wir sie auf, keine weiteren Vertr\u00e4ge zu unterzeichnen und Aussenwerbung sukzessive abzubauen. Eine Kopie des Briefes wurde an alle Gemeinderatsmitglieder geschickt, in der Hoffnung, dass diese sich auf die Seite der Bev\u00f6lkerung schlagen und den Stadtrat unter Druck setzen, diese unsinnigen und unbeliebten Stromfresser aus dem Stadtbild zu verbannen.<\/p>\n<p>Wenn Sie auch zu den 70\u221280% der Bev\u00f6lkerung z\u00e4hlen, die genug hat von Werbung im \u00f6ffentlichen Raum, schreiben Sie Stadtrat <a href=\"andre.odermatt@stadt-zuerich.ch\">Andr\u00e9 Odermatt<\/a>, <a href=\"bernard.liechti@stadt-zuerich.ch\">Bernard Liechti<\/a> oder einem <a href=\"https:\/\/www.gemeinderat-zuerich.ch\/mitglieder\/\">Mitglied des Gemeinderats<\/a>, um ihre Meinung zu \u00e4ussern.<\/p>\n<p>Der ganze <a href=\"https:\/\/www.plakat-raum-gesellschaft.ch\/wp-content\/uploads\/2019\/11\/Brief-an-Andr\u00e9-Odermatt-November-2019.pdf\">Brief ist hier zu lesen (PDF)<\/a>.<\/p>\n<p>Und hier ein <a href=\"https:\/\/www.20min.ch\/schweiz\/zuerich\/story\/Grosser-Widerstand-gegen-digitale-Werbetafeln-12547346\">Beitrag im <em>20 Minuten<\/em><\/a>.<\/p>\n<p><a href=\"https:\/\/www.stadt-zuerich.ch\/content\/dam\/stzh\/hbd\/Deutsch\/Bewilligen_und_Beratung\/Weitere%20Dokumente\/Reklame_Aussenwerbung\/Plakatierung\/LED%20Screens\/Schlussbericht_LCD-Screens_Vergleichende%20%C3%96kobilanz_2017.pdf\">Energiebilanz von Plakat-Scrollern und Werbebildschirmen<\/a><\/p>\n<p>&nbsp;<\/p>\n","protected":false},"excerpt":{"rendered":"<p>Das Hochbaudepartement hat zw\u00f6lf neue Werbebildschirme ausgeschrieben. Diese verbrauchen viel Strom und sind in der Bev\u00f6lkerung notorisch unbeliebt. Die IG PRG fordert Stadtrat Andr\u00e9 Odermatt und Bernard Liechti vom Amt f\u00fcr St\u00e4dtebau deshalb in einem Brief auf, auf eine Vertragsunterzeichnung zu verzichten. Stadtrat Andr\u00e9 Odermatt hat 2015 entschieden hat, ein Tabu zu brechen und einen\u00a0\u00abTestlauf\u00bb mit zehn Werbebildschirmen im \u00f6ffentlichen Raum durchzuf\u00fchren. Die gemischten bis negativen Resultate des Testlaufs wurden&hellip; <a href=\"https:\/\/www.plakat-raum-gesellschaft.ch\/index.php\/2019\/11\/13\/ig-prg-fordert-stadtrat-auf-auf-werbebildschirme-zu-verzichten\/\" class=\"more-link\">Weiterlesen <span class=\"meta-nav\">&rarr;<\/span><\/a><\/p>\n","protected":false},"author":1,"featured_media":822,"comment_status":"closed","ping_status":"open","sticky":false,"template":"","format":"standard","meta":{"footnotes":""},"categories":[14,15,7,12,3,10],"tags":[],"class_list":["post-820","post","type-post","status-publish","format-standard","has-post-thumbnail","hentry","category-apg","category-clear-channel","category-werbebildschirme","category-werbefrei","category-werbung","category-zurich"],"_links":{"self":[{"href":"https:\/\/www.plakat-raum-gesellschaft.ch\/index.php\/wp-json\/wp\/v2\/posts\/820","targetHints":{"allow":["GET"]}}],"collection":[{"href":"https:\/\/www.plakat-raum-gesellschaft.ch\/index.php\/wp-json\/wp\/v2\/posts"}],"about":[{"href":"https:\/\/www.plakat-raum-gesellschaft.ch\/index.php\/wp-json\/wp\/v2\/types\/post"}],"author":[{"embeddable":true,"href":"https:\/\/www.plakat-raum-gesellschaft.ch\/index.php\/wp-json\/wp\/v2\/users\/1"}],"replies":[{"embeddable":true,"href":"https:\/\/www.plakat-raum-gesellschaft.ch\/index.php\/wp-json\/wp\/v2\/comments?post=820"}],"version-history":[{"count":8,"href":"https:\/\/www.plakat-raum-gesellschaft.ch\/index.php\/wp-json\/wp\/v2\/posts\/820\/revisions"}],"predecessor-version":[{"id":831,"href":"https:\/\/www.plakat-raum-gesellschaft.ch\/index.php\/wp-json\/wp\/v2\/posts\/820\/revisions\/831"}],"wp:featuredmedia":[{"embeddable":true,"href":"https:\/\/www.plakat-raum-gesellschaft.ch\/index.php\/wp-json\/wp\/v2\/media\/822"}],"wp:attachment":[{"href":"https:\/\/www.plakat-raum-gesellschaft.ch\/index.php\/wp-json\/wp\/v2\/media?parent=820"}],"wp:term":[{"taxonomy":"category","embeddable":true,"href":"https:\/\/www.plakat-raum-gesellschaft.ch\/index.php\/wp-json\/wp\/v2\/categories?post=820"},{"taxonomy":"post_tag","embeddable":true,"href":"https:\/\/www.plakat-raum-gesellschaft.ch\/index.php\/wp-json\/wp\/v2\/tags?post=820"}],"curies":[{"name":"wp","href":"https:\/\/api.w.org\/{rel}","templated":true}]}}