{"id":982,"date":"2022-11-01T19:45:05","date_gmt":"2022-11-01T18:45:05","guid":{"rendered":"https:\/\/www.plakat-raum-gesellschaft.ch\/?p=982"},"modified":"2023-02-20T17:36:39","modified_gmt":"2023-02-20T16:36:39","slug":"aws-ks-adc-branchenverbande-im-faktencheck","status":"publish","type":"post","link":"https:\/\/www.plakat-raum-gesellschaft.ch\/index.php\/2022\/11\/01\/aws-ks-adc-branchenverbande-im-faktencheck\/","title":{"rendered":"AWS, KS\/CS &#038; ADC: Branchenverb\u00e4nde im Faktencheck"},"content":{"rendered":"\n<p><strong>Die Branchenverb\u00e4nde AWS Aussenwerbung Schweiz, Kommunikation Schweiz KS\/CS und der Art Directors Club ADC haben in Medienmitteilungen und politischer Propaganda Behauptungen ver\u00f6ffentlicht. Einige davon hat die IG Plakat | Raum | Gesellschaft auf ihren Wahrheitsgehalt \u00fcberpr\u00fcft. Gesamtfazit: Der Werbung ist nicht zu trauen.<\/strong><\/p>\n\n\n\n<p><mark style=\"background-color:#fcb900\" class=\"has-inline-color has-white-color\"><em>Nachtrag Februar 2023: Wir haben alles nochmals sauber recherchiert und durchgerechnet und in einem B\u00fcchlein publiziert. <em>Was weiter unten folgt, ist teilweise \u00fcberholt.<\/em><\/em> <em>Konfrontiert mit ihren kommunikativen Fehlleistungen, haben die Branchenverb\u00e4nde AWS, ADC und KS\/CS mit keinem Wort Stellung bezogen. Daf\u00fcr hat der ADC uns umgehend auf ihren Werbenewsletter gesetzt. <\/em><\/mark><\/p>\n\n\n\n<p>Aus Angst vor Einschr\u00e4nkungen im Gesch\u00e4ft mit der Aussenwerbung wurde <a rel=\"noreferrer noopener\" href=\"https:\/\/www.aussenwerbung-schweiz.ch\/de\/\" target=\"_blank\">AWS Aussenwerbung Schweiz<\/a> in den letzten Monaten zweimal aktiv. <a href=\"https:\/\/www.aussenwerbung-schweiz.ch\/de\/presse-und-news\/news\/news-detailseite\/aussenwerber-schraenken-stromverbrauch-ab-dem-1-oktober-2022-freiwillig-ein\/\">Am 25. August hat der Verband bekanntgegeben<\/a>, den Stromverbrauch ab 1. Oktober freiwillig einzuschr\u00e4nken. Wenige Tage sp\u00e4ter hat AWS in eigenem Namen sowie im Namen von <a rel=\"noreferrer noopener\" href=\"https:\/\/ks-cs.ch\" target=\"_blank\">Kommunikation Schweiz KS\/CS<\/a> und dem <a rel=\"noreferrer noopener\" href=\"https:\/\/www.adc.ch\/de\/\" target=\"_blank\">Art Directors Club ADC<\/a> eine Mail an alle Mitglieder des Z\u00fcrcher Gemeinderats verschickt. Der Mail-Anhang wurde am 22.09.22 mit dem Titel <a href=\"https:\/\/www.aussenwerbung-schweiz.ch\/de\/presse-und-news\/news\/news-detailseite\/das-plakat-ein-wichtiges-mediaum-mit-zukunft-auch-in-zuerich\/\">\u00abDas Plakat: Ein wichtiges Mediaum <em>[sic!]<\/em> f\u00fcr die Zukunft \u2013 auch in Z\u00fcrich\u00bb<\/a> auf der eigenen Homepage ver\u00f6ffentlicht.<\/p>\n\n\n\n<p>Die IG Plakat | Raum | Gesellschaft hat einige der Aussagen einem Faktencheck unterzogen. Sollten wir einen \u00dcberlegungs- oder Rechenfehler gemacht haben, bitten wir um Mitteilung an <a href=\"mailto:info@plakat-raum-gesellschaft.ch\">info@plakat-raum-gesellschaft.ch<\/a>. <\/p>\n\n\n\n<hr class=\"wp-block-separator\"\/>\n\n\n\n<p><em>Begleitmail von Christoph Marty, CEO Clear Channel, an Gemeinderat vom 30.08.22<\/em><br><strong>\u00abDie APG und Clear Channel bezahlen beide Steuern in der Stadt, die APG geh\u00f6rt zu den gr\u00f6ssten 100 Steuerzahlenden der Stadt.\u00bb<\/strong><\/p>\n\n\n\n<p><em>Anhang der Mail an den Gemeinderat vom 30.08.22, ver\u00f6ffentlicht am <a href=\"https:\/\/www.aussenwerbung-schweiz.ch\/de\/presse-und-news\/news\/news-detailseite\/das-plakat-ein-wichtiges-mediaum-mit-zukunft-auch-in-zuerich\/\" target=\"_blank\" rel=\"noreferrer noopener\">22.09.22<\/a><br><\/em><strong>\u00abAPG|SGA und Clear Channel Schweiz bezahlen gemeinsam 1.5 Millionen Franken Steuern in der Stadt Z\u00fcrich\u00bb<\/strong><\/p>\n\n\n\n<p><strong><strong><u>Wahrheitsgehalt<\/u><\/strong>: Das war einmal. M\u00f6glicherweise.<\/strong><\/p>\n\n\n\n<p>Die IG PRG hat vor einigen Jahren beim Steueramt Z\u00fcrich um Auskunft gebeten, wie viel Steuern die beiden Unternehmen in der Stadt bezahlen. Das Auskunftsbegehren kam mit dem Vermerk \u00abUnter diesen Angaben nicht am Register\u00bb zur\u00fcck. <\/p>\n\n\n\n<p>Gem\u00e4ss unseren Nachfragen bei den beiden Unternehmen pr\u00e4zisierten sie, dass sie <em>im Durchschnitt der Vor-Pandemiejahre<\/em> gemeinsam rund CHF 1.5 Mio Franken Steuern in Z\u00fcrich bezahlt haben. Belege f\u00fcr diese Zahl haben sie nicht geliefert, und wie viel es aktuell ist, konnte nicht eruiert werden. Angesichts der Tatsache, dass die APG|SGA mit Sitz in Genf f\u00fcr das ganze nationale und internationale Gesch\u00e4ft im Jahr 2021 <a rel=\"noreferrer noopener\" href=\"https:\/\/apgwebsite2021privatecloud-live-e989965-f00c998.divio-media.org\/filer_public\/97\/7f\/977f33ae-6316-40db-8af2-a0cc299d8ce0\/financial_report_2021_high.pdf\" target=\"_blank\">CHF 2.5 Mio Franken Steuern<\/a> ausweist (auf S. 23, CHF 209 000 auf S. 34), scheint die Zahl von CHF 1.5 Mio Steuern in der Stadt Z\u00fcrich aber unplausibel.<\/p>\n\n\n\n<hr class=\"wp-block-separator\"\/>\n\n\n\n<p><em>Begleitmail von Christoph Marty, CEO Clear Channel, an Gemeinderat vom 30.08.22<\/em><br><strong>\u00ab50% der Plakatwerbung wird von KMU im lokalen und regionalen Gewerbe f\u00fcr ihre Bed\u00fcrfnisse genutzt.\u00bb<\/strong><\/p>\n\n\n\n<p><strong><u>Wahrheitsgehalt<\/u>: Um etwa Faktor 10 daneben<\/strong>.<\/p>\n\n\n\n<p>Stichproben der IG PRG haben in der Stadt Z\u00fcrich <a href=\"https:\/\/www.plakat-raum-gesellschaft.ch\/index.php\/2022\/09\/05\/kmu-und-lokalgewerbe-wie-aws-aussenwerbung-schweiz-den-zurcher-gemeinderat-belugt\/\" data-type=\"post\" data-id=\"900\">weniger als 3% der Plakatwerbung f\u00fcr KMU und Lokalgewerbe<\/a> ergeben. Noch wichtiger: Wie der <a rel=\"noreferrer noopener\" href=\"https:\/\/www.infosperber.ch\/wirtschaft\/werbung-und-pr\/dieser-werbung-kann-niemand-ausweichen\/\" target=\"_blank\">Infosperber<\/a> herausgefunden hat, erhebt AWS diese Zahlen nicht einmal. Obwohl seine Behauptungen widerlegt wurden, h\u00e4lt Marty auf Nachfrage daran fest.<\/p>\n\n\n\n<hr class=\"wp-block-separator\"\/>\n\n\n\n<p><em>Begleitmail von Christoph Marty, CEO Clear Channel, an Gemeinderat vom 30.08.22<\/em><br><strong>\u00abGrenoble hat 300 von rund 3000 Plakatfl\u00e4chen abgebaut und damit auf 150 000 Euro verzichtet.<strong>\u00bb<\/strong><\/strong><\/p>\n\n\n\n<p><strong><strong><u>Wahrheitsgehalt<\/u><\/strong>: Knapp daneben, aber: so what?<\/strong><\/p>\n\n\n\n<p>Es waren 326 Fl\u00e4chen (fast 10% mehr als von Marty erw\u00e4hnt) und JCDecaux hatte daf\u00fcr urspr\u00fcnglich EUR 600 000 bezahlt (was lediglich 0,2% des st\u00e4dtischen Budgets war). Als der Vertrag ausgelaufen ist, hat JCDecaux nur noch EUR 150 000 j\u00e4hrlich daf\u00fcr geboten. Korrekt w\u00e4re also: Grenoble hat <em>326<\/em> von rund 3000 Plakatfl\u00e4chen abgebaut und damit auf 150 000 Euro <em>j\u00e4hrlich<\/em> verzichtet.\u00bb Es wird aber \u00fcberhaupt nicht klar, warum Marty diese Zahl \u00fcberhaupt erw\u00e4hnt, hat sie doch gar nichts mit Z\u00fcrich oder der Schweiz zu tun. Denn sonst h\u00e4tte er vielleicht auch erw\u00e4hnen m\u00fcssen, dass 98% der beim Stadtrat von Grenoble eingegangenen Zuschriften die werbefreie Stadt unterst\u00fctzen.<\/p>\n\n\n\n<p>Diese und andere Zahlen sind in <a rel=\"noreferrer noopener\" href=\"https:\/\/www.bund.net\/themen\/aktuelles\/detail-aktuelles\/news\/bitte-keine-reklame-grenoble-schafft-als-erste-stadt-europas-werbung-im-oeffentlichen-raum-ab\/\" target=\"_blank\">diesem Interview<\/a> zu finden.<\/p>\n\n\n\n<hr class=\"wp-block-separator\"\/>\n\n\n\n<p><em>Medienmitteilung vom <a href=\"https:\/\/www.aussenwerbung-schweiz.ch\/de\/presse-und-news\/news\/news-detailseite\/aussenwerber-schraenken-stromverbrauch-ab-dem-1-oktober-2022-freiwillig-ein\/\" target=\"_blank\" rel=\"noreferrer noopener\">25.08.22<\/a>; Communiqu\u00e9 vom 30.8.22, ver\u00f6ffentlicht am <a href=\"https:\/\/www.aussenwerbung-schweiz.ch\/de\/presse-und-news\/news\/news-detailseite\/das-plakat-ein-wichtiges-mediaum-mit-zukunft-auch-in-zuerich\/\" target=\"_blank\" rel=\"noreferrer noopener\">22.9.22<\/a><br><\/em><strong>\u00abDer Energieverbrauch eines hinterleuchteten Plakates betr\u00e4gt 0.029 kWh, jener eines Indoor ePanels (85 Zoll) 0.312 kWh und ein Outdoor ePanel (75 Zoll) verbraucht 0.700 kWh. Dieser Energieverbrauch ist bedeutend geringer ist als beispielsweise jener f\u00fcr Video-Streaming mit einem 65 Zoll Fernseher, mit einem Verbrauch von 1.3 kWh.<strong>\u00bb<\/strong><\/strong><\/p>\n\n\n\n<p><strong><strong><strong><u>Wahrheitsgehalt<\/u><\/strong><\/strong>: komplett irref\u00fchrender Vergleich, Hauptaussage im Grunde um Faktor 70 daneben.<\/strong><\/p>\n\n\n\n<p>Hier will die Aussenwerbungsindustrie offensichtlich darlegen, dass ein Werbescreen weniger schlecht f\u00fcr die Umwelt ist als ein Fernsehger\u00e4t. Halbwegs verl\u00e4ssliche Zahlen zum Energieverbrauch gibt es einzig in einer <a rel=\"noreferrer noopener\" href=\"https:\/\/www.stadt-zuerich.ch\/content\/dam\/stzh\/hbd\/Deutsch\/Bewilligen_und_Beratung\/Weitere%20Dokumente\/Reklame_Aussenwerbung\/Plakatierung\/LED%20Screens\/Schlussbericht_LCD-Screens_Vergleichende%20%C3%96kobilanz_2017.pdf\" target=\"_blank\">Energiebilanz f\u00fcr 75-Zoll-Outdoor-Werbescreens<\/a> von 2017 und aus Herstellerangaben f\u00fcr TV-Ger\u00e4te und Computerbildschirme. AWS bezieht sich auf eine Zusammenstellung <a rel=\"noreferrer noopener\" href=\"https:\/\/www.aussenwerbung-schweiz.ch\/fileadmin\/user_upload\/AWS_Energieverbrauchsvergleich_de.pdf\" target=\"_blank\">hier<\/a> und misst mit ungleichen Ellen.<\/p>\n\n\n\n<p>Beim Fernsehger\u00e4t wird ein riesiger Bildschirm genommen, der in den wenigsten Wohnzimmern steht (ein zweimaliger Check bei der st\u00fcndlich aktualisierten Liste der <a rel=\"noreferrer noopener\" href=\"https:\/\/www.amazon.de\/gp\/bestsellers\/ce-de\/1197292#\" target=\"_blank\">meistverkauften TV-Ger\u00e4te auf Amazon.de<\/a> hat lediglich 1 Ger\u00e4t von 65&#8243; oder mehr in den Top-20 ergeben, einmal auf Platz 8, einmal auf Platz 10). Dann wird ein Streaming-Wert f\u00fcr 4K genommen, bei dem, gem\u00e4ss einer <a rel=\"noreferrer noopener\" href=\"https:\/\/www.borderstep.de\/wp-content\/uploads\/2020\/06\/Videostreaming_2020.pdf\" target=\"_blank\">Studie von Borderstep<\/a>, 88% des Energiebedarfs auf Kosten von Kommunikationsnetzen und Rechenzentren geht. Auch Werbescreens brauchen Kommunikationsnetze und Rechenzentren, aber dort wurde kein Versuch unternommen, das einfliessen zu lassen. Um das korrekt zu vergleichen, taugt also die vom AWS genannte Zahl nicht, abgesehen davon, dass die Energie f\u00fcr die Herstellung und Entsorgung der Ger\u00e4te nicht inbegriffen ist.<\/p>\n\n\n\n<p>Weiter liegt der Art der Pr\u00e4sentation eine massive Fehlinterpretation des Sachverhalts zugrunde: Je nach Standort laufen Werbescreens und hinterleuchtete Plakate 16 bis \u00fcber 20 Stunden t\u00e4glich. Die durchschnittliche Fernsehzeit liegt aber <a href=\"https:\/\/www.bfs.admin.ch\/bfs\/de\/home\/statistiken\/kultur-medien-informationsgesellschaft-sport\/medien\/medienangebot-nutzung\/fernsehen\/fernsehnutzung.html\" target=\"_blank\" rel=\"noreferrer noopener\">gem\u00e4ss Bundesamt f\u00fcr Statistik<\/a> bei 2 Stunden t\u00e4glich. Hochgerechnet auf einen Tag bedeutet das (Annahme: Werbung 18 Stunden):<\/p>\n\n\n\n<ul class=\"wp-block-list\"><li>Hinterleuchtetes Plakat: 0.028 kWh <strong>\u00d7<\/strong> 18h = 0.504 kWh pro Tag = 184 kWh pro Jahr<\/li><li>85-Zoll-Indoor: 0.315 kWh <strong>\u00d7<\/strong> 18h = 5,67 kWh pro Tag = 2070 kWh pro Jahr<\/li><li>75-Zoll-Outdoor Werbescreen 0.57 kWh <strong>\u00d7<\/strong> 18h = 10.26 kWh pro Tag = 3745 kWh pro Jahr<\/li><li>65-Zoll-Fernsehger\u00e4t: 0.13 kWh <strong>\u00d7<\/strong> 2h = 0.26 kWh pro Tag = 95 kWh pro Jahr<\/li><\/ul>\n\n\n\n<p>AWS wollte sagen, dass ein TV-Ger\u00e4t fast doppelt so viel Strom verbraucht wie ein Werbescreen. In die richtigen Bezugsgr\u00f6ssen gestellt zeigt sich, dass ein Werbescreen de facto so viel Strom braucht, wie 40 Fernsehger\u00e4te. Oder andersrum: Die rund 300 Werbescreens auf Stadtgrund brauchen so viel Strom wie 12 000 Fernsehger\u00e4te und AWS\/KS\/ADC lagen de facto um etwa Faktor 70 daneben.<\/p>\n\n\n\n<p>Obwohl ein Plausibilit\u00e4ts-Check rasch h\u00e4tte ergeben m\u00fcssen, dass die Zahlen so keinen Sinn ergeben, haben nicht nur Branchenmagazine wie Persoenlich.com, sondern auch die NZZ die Zahlen abgedruckt, ohne weiter nachzufragen.<\/p>\n\n\n\n<hr class=\"wp-block-separator\"\/>\n\n\n\n<p><em>Medienmitteilung vom <a href=\"https:\/\/www.aussenwerbung-schweiz.ch\/de\/presse-und-news\/news\/news-detailseite\/aussenwerber-schraenken-stromverbrauch-ab-dem-1-oktober-2022-freiwillig-ein\/\" target=\"_blank\" rel=\"noreferrer noopener\">25.08.22<\/a><br><\/em><strong>\u00ab[Die gr\u00f6ssten Mitgliedsfirmen des AWS] haben gemeinsam entschieden, im Rahmen einer tempor\u00e4ren Selbstbeschr\u00e4nkung ab dem 1. Oktober 2022, ihre Screens, welche ohnehin in den Nachtstunden abgeschaltet werden, schweizweit noch eine Stunde l\u00e4nger ausser Betrieb zu nehmen \u2013 um damit ihren Stromverbrauch um mindestens 5 bis 7% signifikant zu reduzieren.<strong><strong>\u00bb<\/strong><\/strong><\/strong><\/p>\n\n\n\n<p>Eins nach dem anderen:<\/p>\n\n\n\n<p><strong>\u00ab&#8230;ab dem 1. Oktober<strong><strong><strong>\u00bb<\/strong><\/strong><\/strong><\/strong><\/p>\n\n\n\n<p><strong><u>Wahrheitsgehalt<\/u>: knapp verfehlt<\/strong><\/p>\n\n\n\n<p>Das mit den k\u00fcrzeren Betriebszeiten ab 1. Oktober hat leider nicht geklappt, wie <a href=\"https:\/\/www.plakat-raum-gesellschaft.ch\/index.php\/2022\/10\/03\/das-marchen-von-eigenverantwortung-aussenwerbung-schweiz-aws-bricht-sein-wort\/\" data-type=\"post\" data-id=\"951\">hier<\/a> nachzulesen ist. Neo Advertising hat erst um den 8. Oktober die VBZ-Screens eine Stunde weniger lang laufen lassen; Clear Channel hatte auch noch am 24. Oktober einige Screens, die seit Monaten rund um die Uhr laufen. Kommt hinzu, dass oft nur die Bildschirme ausgeschaltet werden, aber alles andere weiter l\u00e4uft oder im Standby-Modus ist.<\/p>\n\n\n\n<hr class=\"wp-block-separator\"\/>\n\n\n\n<p><strong>\u00ab&#8230;welche ohnehin in den Nachtstunden abgeschaltet werden<strong><strong>\u00bb<\/strong><\/strong><\/strong><\/p>\n\n\n\n<p><strong><u>Wahrheitsgehalt<\/u>: Stimmt nicht.<\/strong><\/p>\n\n\n\n<p>Die Nacht beginnt bei Sonnenuntergang und endet bei Sonnenaufgang. Die Nacht dauert im Sommer gut 8 Stunden, im Winter etwa 15.5 Stunden. Werbescreens laufen das ganze Jahr zwischen 16 Stunden (\u00f6ffentlicher Grund, gem\u00e4ss Vorschriften) und \u00fcber 20 Stunden (SBB).<\/p>\n\n\n\n<hr class=\"wp-block-separator\"\/>\n\n\n\n<p><strong>\u00abStromverbrauch [der Mitgliedfirmen] um mindestens 5 bis 7% zu senken.<strong><strong>\u00bb<\/strong><\/strong><\/strong><\/p>\n\n\n\n<p><strong><u>Wahrheitsgehalt<\/u>: Stimmt nicht.<\/strong><\/p>\n\n\n\n<p>Die Werbescreens machen nur einen Teil des Stromverbrauchs aller Werbetr\u00e4ger aus. Andere stromfressende Werbetr\u00e4ger (Leuchtdrehs\u00e4ue, hinterleuchtete Plakate, Plakatscroller) wurden nicht l\u00e4nger ausgeschaltet, und im Hintergrund der Werbescreens l\u00e4uft andere Hardware oft weiter.<\/p>\n\n\n\n<p>Zudem: Die Werbetr\u00e4ger machen nur einen Teil des Stromverbrauchs der Aussenwerbungs-Unternehmen aus. Bei Clear Channel macht der gesamte Energieverbrauch innerhalb der Organisation j\u00e4hrlich 4 681 049 kWh aus (+12% gegen\u00fcber Vorjahr). 3 152 710 kWh davon sind Werbetr\u00e4ger (wovon weniger als 30% mit \u00d6kostrom betrieben).<\/p>\n\n\n\n<p>Aufgrund der vorhandenen Zahlen ist nicht klar zu eruieren, wie viel Energieaufwand auf Kosten von Werbescreens gehen und wie viel auf Kosten von anderen strombetriebenen Werbetr\u00e4gern. Klar ist aber, dass man nicht von \u00abmindestens 5 bis 7%\u00bb Stromreduktion reden kann, wenn die Reduktion nur bei den Werbescreens zwischen 5% (von 20 auf 19 Stunden) bzw. 6.25% (von 16 auf 15 Stunden) ausmacht und alles andere nicht ber\u00fccksichtigt wird.<\/p>\n\n\n<div class=\"visualizer-front-container visualizer-lazy-render\" id=\"chart_wrapper_visualizer-953-171789290\"><style type=\"text\/css\" name=\"visualizer-custom-css\" id=\"customcss-visualizer-953\">.locker,.locker-loader{position:absolute;top:0;left:0;width:100%;height:100%}.locker{z-index:1000;opacity:.8;background-color:#fff;-ms-filter:\"progid:DXImageTransform.Microsoft.Alpha(Opacity=80)\";filter:alpha(opacity=80)}.locker-loader{z-index:1001;background:url(https:\/\/www.plakat-raum-gesellschaft.ch\/wp-content\/plugins\/visualizer\/images\/ajax-loader.gif) no-repeat center center}.dt-button{display:none!important}.visualizer-front-container.visualizer-lazy-render{content-visibility: auto;}.google-visualization-controls-categoryfilter label.google-visualization-controls-label {vertical-align: middle;}.google-visualization-controls-categoryfilter li.goog-inline-block {margin: 0 0.2em;}.google-visualization-controls-categoryfilter li {padding: 0 0.2em;}.visualizer-front-container .dataTables_scrollHeadInner{margin: 0 auto;}<\/style><div id=\"visualizer-953-171789290\" class=\"visualizer-front  visualizer-front-953\"><\/div><!-- Not showing structured data for chart 953 because description is empty --><\/div>\n\n\n<p>Ausserdem ist es eine Tatsache, dass bei <a rel=\"noreferrer noopener\" href=\"https:\/\/www.clearchannel.ch\/uploads\/files\/220310_ClearChannel_CSR_Bericht_2022_A4_d.pdf\" target=\"_blank\">Clear Channel<\/a> seit Beginn des Reporting nach GRI (also seit 2017) der Energieverbrauch jedes Jahr zugenommen hat, und zwar gesamthaft sowie f\u00fcr Geb\u00e4ude, Werbestellen gesamt und Durchschnitt pro Werbestellen. Selbst die Treibhausgas-Emissionen haben von 2020 auf 2021 um \u00fcber 20% zugenommen.<\/p>\n","protected":false},"excerpt":{"rendered":"<p>Die Branchenverb\u00e4nde AWS Aussenwerbung Schweiz, Kommunikation Schweiz KS\/CS und der Art Directors Club ADC haben in Medienmitteilungen und politischer Propaganda Behauptungen ver\u00f6ffentlicht. Einige davon hat die IG Plakat | Raum | Gesellschaft auf ihren Wahrheitsgehalt \u00fcberpr\u00fcft. Gesamtfazit: Der Werbung ist nicht zu trauen. Nachtrag Februar 2023: Wir haben alles nochmals sauber recherchiert und durchgerechnet und in einem B\u00fcchlein publiziert. Was weiter unten folgt, ist teilweise \u00fcberholt. Konfrontiert mit ihren kommunikativen&hellip; <a href=\"https:\/\/www.plakat-raum-gesellschaft.ch\/index.php\/2022\/11\/01\/aws-ks-adc-branchenverbande-im-faktencheck\/\" class=\"more-link\">Weiterlesen <span class=\"meta-nav\">&rarr;<\/span><\/a><\/p>\n","protected":false},"author":1,"featured_media":0,"comment_status":"closed","ping_status":"open","sticky":false,"template":"","format":"standard","meta":{"footnotes":""},"categories":[14,5,15,7],"tags":[],"class_list":["post-982","post","type-post","status-publish","format-standard","hentry","category-apg","category-aussenwerbung","category-clear-channel","category-werbebildschirme"],"_links":{"self":[{"href":"https:\/\/www.plakat-raum-gesellschaft.ch\/index.php\/wp-json\/wp\/v2\/posts\/982","targetHints":{"allow":["GET"]}}],"collection":[{"href":"https:\/\/www.plakat-raum-gesellschaft.ch\/index.php\/wp-json\/wp\/v2\/posts"}],"about":[{"href":"https:\/\/www.plakat-raum-gesellschaft.ch\/index.php\/wp-json\/wp\/v2\/types\/post"}],"author":[{"embeddable":true,"href":"https:\/\/www.plakat-raum-gesellschaft.ch\/index.php\/wp-json\/wp\/v2\/users\/1"}],"replies":[{"embeddable":true,"href":"https:\/\/www.plakat-raum-gesellschaft.ch\/index.php\/wp-json\/wp\/v2\/comments?post=982"}],"version-history":[{"count":11,"href":"https:\/\/www.plakat-raum-gesellschaft.ch\/index.php\/wp-json\/wp\/v2\/posts\/982\/revisions"}],"predecessor-version":[{"id":1023,"href":"https:\/\/www.plakat-raum-gesellschaft.ch\/index.php\/wp-json\/wp\/v2\/posts\/982\/revisions\/1023"}],"wp:attachment":[{"href":"https:\/\/www.plakat-raum-gesellschaft.ch\/index.php\/wp-json\/wp\/v2\/media?parent=982"}],"wp:term":[{"taxonomy":"category","embeddable":true,"href":"https:\/\/www.plakat-raum-gesellschaft.ch\/index.php\/wp-json\/wp\/v2\/categories?post=982"},{"taxonomy":"post_tag","embeddable":true,"href":"https:\/\/www.plakat-raum-gesellschaft.ch\/index.php\/wp-json\/wp\/v2\/tags?post=982"}],"curies":[{"name":"wp","href":"https:\/\/api.w.org\/{rel}","templated":true}]}}